{"id":259997,"date":"2022-05-22T12:16:33","date_gmt":"2022-05-22T10:16:33","guid":{"rendered":"https:\/\/zjarr.tv\/?p=259997"},"modified":"2022-05-22T12:16:33","modified_gmt":"2022-05-22T10:16:33","slug":"ibsen-elezi-voton-dhe-jep-mesazhin-duhet-te-vendosim-per-ide-jo-per-individe-drita-e-se-ardhmes-seshte-doktori","status":"publish","type":"post","link":"https:\/\/zjarr.tv\/en\/ibsen-elezi-voton-dhe-jep-mesazhin-duhet-te-vendosim-per-ide-jo-per-individe-drita-e-se-ardhmes-seshte-doktori\/","title":{"rendered":"Ibsen Elezi voton dhe jep mesazhin: Duhet t\u00eb vendosim p\u00ebr ide, jo p\u00ebr individ\u00eb, drita e s\u00eb ardhmes s\u2019\u00ebsht\u00eb doktori"},"content":{"rendered":"<p>Kandidati p\u00ebr kreun e PD-s\u00eb, Ibsen Elezi, ka votuar n\u00eb zgjedhjet q\u00eb po zhvillohen p\u00ebr kreun e ri t\u00eb PD-s\u00eb, ku ai garon p\u00ebrball\u00eb liderit historik Sali Berish\u00ebs.<\/p>\n<p>Elezi \u00ebsht\u00eb shprehur se ka p\u00ebrfaq\u00ebsues n\u00eb qendrat e votimit, teksa tha se deri tani procesi ka ecur mir\u00eb. Nd\u00ebr t\u00eb tjera ai \u00ebsht\u00eb shprehur se n\u00ebse rezulton se ka parregullsi n\u00eb procesin e votimit nuk do ta toleroj\u00eb.<\/p>\n<p>\u201cKam v\u00ebzhgues, an\u00ebtar\u00ebt n\u00eb komisioner jan\u00eb refuzuar q\u00eb n\u00eb fillim t\u00eb procesit. Ka qen\u00eb nj\u00eb situat\u00eb e tensionuar dhe v\u00ebzhguesit kan\u00eb pasur dilemat e veta. Dhe un\u00eb kam qen\u00eb tolerues q\u00eb n\u00eb momentin q\u00eb nuk e kan\u00eb pasur vullnetin. Drita e s\u00eb ardhmes nuk \u00ebsht\u00eb as doktori, as un\u00eb, por demokracia n\u00eb k\u00ebt\u00eb vend. Jemi n\u00eb nj\u00eb sistem ku duhet t\u00eb vendosim p\u00ebr ide, jo p\u00ebr individ\u00eb.<\/p>\n<p>Jam fokusuar shum\u00eb te procesi dhe ndaj kam pranuar t\u00eb jem n\u00eb k\u00ebt\u00eb gar\u00eb. Kam luftuar shum\u00eb p\u00ebr proceset. Pas shpalljes s\u00eb vendimit do ta njoh rezultatin. Kam toleruar shkelje t\u00eb vogla, por n\u00ebse verifikohet se komisioner\u00ebt nuk do jen\u00eb korrekt nuk do ta toleroj\u201d, u shpreh Elezi.<\/p>","protected":false},"excerpt":{"rendered":"<p>Kandidati p\u00ebr kreun e PD-s\u00eb, Ibsen Elezi, ka votuar n\u00eb zgjedhjet q\u00eb po zhvillohen p\u00ebr kreun e ri t\u00eb PD-s\u00eb, ku ai garon p\u00ebrball\u00eb liderit historik Sali Berish\u00ebs. Elezi \u00ebsht\u00eb shprehur se ka p\u00ebrfaq\u00ebsues n\u00eb qendrat e votimit, teksa tha se deri tani procesi ka ecur mir\u00eb. Nd\u00ebr t\u00eb tjera ai \u00ebsht\u00eb shprehur se n\u00ebse [&hellip;]<\/p>\n","protected":false},"author":2020,"featured_media":259998,"comment_status":"closed","ping_status":"closed","sticky":false,"template":"","format":"standard","meta":{"footnotes":""},"categories":[241,5380,231],"tags":[],"class_list":{"0":"post-259997","1":"post","2":"type-post","3":"status-publish","4":"format-standard","5":"has-post-thumbnail","7":"category-aktualitet","8":"category-kryesore","9":"category-lajme"},"_links":{"self":[{"href":"https:\/\/zjarr.tv\/en\/wp-json\/wp\/v2\/posts\/259997","targetHints":{"allow":["GET"]}}],"collection":[{"href":"https:\/\/zjarr.tv\/en\/wp-json\/wp\/v2\/posts"}],"about":[{"href":"https:\/\/zjarr.tv\/en\/wp-json\/wp\/v2\/types\/post"}],"author":[{"embeddable":true,"href":"https:\/\/zjarr.tv\/en\/wp-json\/wp\/v2\/users\/2020"}],"replies":[{"embeddable":true,"href":"https:\/\/zjarr.tv\/en\/wp-json\/wp\/v2\/comments?post=259997"}],"version-history":[{"count":0,"href":"https:\/\/zjarr.tv\/en\/wp-json\/wp\/v2\/posts\/259997\/revisions"}],"wp:featuredmedia":[{"embeddable":true,"href":"https:\/\/zjarr.tv\/en\/wp-json\/wp\/v2\/media\/259998"}],"wp:attachment":[{"href":"https:\/\/zjarr.tv\/en\/wp-json\/wp\/v2\/media?parent=259997"}],"wp:term":[{"taxonomy":"category","embeddable":true,"href":"https:\/\/zjarr.tv\/en\/wp-json\/wp\/v2\/categories?post=259997"},{"taxonomy":"post_tag","embeddable":true,"href":"https:\/\/zjarr.tv\/en\/wp-json\/wp\/v2\/tags?post=259997"}],"curies":[{"name":"wp","href":"https:\/\/api.w.org\/{rel}","templated":true}]}}