{"id":260000,"date":"2022-05-22T12:25:49","date_gmt":"2022-05-22T10:25:49","guid":{"rendered":"https:\/\/zjarr.tv\/?p=260000"},"modified":"2022-05-22T14:24:07","modified_gmt":"2022-05-22T12:24:07","slug":"prane-elisa-spiropalit-ambasadorja-yuri-kim-fotografohet-ne-kafe-me-ministra-dhe-deputete-te-ps-foto","status":"publish","type":"post","link":"https:\/\/zjarr.tv\/en\/prane-elisa-spiropalit-ambasadorja-yuri-kim-fotografohet-ne-kafe-me-ministra-dhe-deputete-te-ps-foto\/","title":{"rendered":"Pran\u00eb Elisa Spiropalit, ambasadorja Yuri Kim fotografohet n\u00eb kafe me ministra dhe deputet\u00eb t\u00eb PS (FOTO)"},"content":{"rendered":"<p>Ambasadorja e SHBA n\u00eb Tiran\u00eb, Yuri Kim \u00ebsht\u00eb fotografuar nga paparazzi n\u00eb kafe me deputet\u00ebt e Partis\u00eb Socialiste.<\/p>\n<p>Yuri Kim shihet n\u00eb nj\u00eb kafe n\u00eb ambient t\u00eb jasht\u00ebm me Mimi Kodhelin, ministren Belinda Balluku, Elisa Spiropali, Niko Peleshi, Blendi Klosi.<\/p>\n<p>Ata jan\u00eb fotografuar teksa shihen duke konsumuar kafe. Nuk dihet n\u00ebse takimi i ambasadores me ministrat dhe deputet\u00ebt e PS ishte miq\u00ebsore, apo nj\u00eb takim pune.<\/p>\n<p><img loading=\"lazy\" decoding=\"async\" class=\"alignnone size-full wp-image-260001\" src=\"https:\/\/zjarr.tv\/wp-content\/uploads\/2022\/05\/paparazi-300x201-1.png\" alt=\"\" width=\"300\" height=\"201\" \/><\/p>","protected":false},"excerpt":{"rendered":"<p>Ambasadorja e SHBA n\u00eb Tiran\u00eb, Yuri Kim \u00ebsht\u00eb fotografuar nga paparazzi n\u00eb kafe me deputet\u00ebt e Partis\u00eb Socialiste. Yuri Kim shihet n\u00eb nj\u00eb kafe n\u00eb ambient t\u00eb jasht\u00ebm me Mimi Kodhelin, ministren Belinda Balluku, Elisa Spiropali, Niko Peleshi, Blendi Klosi. Ata jan\u00eb fotografuar teksa shihen duke konsumuar kafe. Nuk dihet n\u00ebse takimi i ambasadores me [&hellip;]<\/p>\n","protected":false},"author":2020,"featured_media":161622,"comment_status":"closed","ping_status":"closed","sticky":false,"template":"","format":"standard","meta":{"footnotes":""},"categories":[241,5380,231],"tags":[],"class_list":{"0":"post-260000","1":"post","2":"type-post","3":"status-publish","4":"format-standard","5":"has-post-thumbnail","7":"category-aktualitet","8":"category-kryesore","9":"category-lajme"},"_links":{"self":[{"href":"https:\/\/zjarr.tv\/en\/wp-json\/wp\/v2\/posts\/260000","targetHints":{"allow":["GET"]}}],"collection":[{"href":"https:\/\/zjarr.tv\/en\/wp-json\/wp\/v2\/posts"}],"about":[{"href":"https:\/\/zjarr.tv\/en\/wp-json\/wp\/v2\/types\/post"}],"author":[{"embeddable":true,"href":"https:\/\/zjarr.tv\/en\/wp-json\/wp\/v2\/users\/2020"}],"replies":[{"embeddable":true,"href":"https:\/\/zjarr.tv\/en\/wp-json\/wp\/v2\/comments?post=260000"}],"version-history":[{"count":0,"href":"https:\/\/zjarr.tv\/en\/wp-json\/wp\/v2\/posts\/260000\/revisions"}],"wp:featuredmedia":[{"embeddable":true,"href":"https:\/\/zjarr.tv\/en\/wp-json\/wp\/v2\/media\/161622"}],"wp:attachment":[{"href":"https:\/\/zjarr.tv\/en\/wp-json\/wp\/v2\/media?parent=260000"}],"wp:term":[{"taxonomy":"category","embeddable":true,"href":"https:\/\/zjarr.tv\/en\/wp-json\/wp\/v2\/categories?post=260000"},{"taxonomy":"post_tag","embeddable":true,"href":"https:\/\/zjarr.tv\/en\/wp-json\/wp\/v2\/tags?post=260000"}],"curies":[{"name":"wp","href":"https:\/\/api.w.org\/{rel}","templated":true}]}}