{"id":260947,"date":"2022-05-26T17:27:29","date_gmt":"2022-05-26T15:27:29","guid":{"rendered":"https:\/\/zjarr.tv\/?p=260947"},"modified":"2022-05-26T17:27:29","modified_gmt":"2022-05-26T15:27:29","slug":"proces-farse-per-zgjedhjen-e-presidentit-te-ri-flamur-noka-fund-qesharak-i-fasades-opozitare-alibeaj","status":"publish","type":"post","link":"https:\/\/zjarr.tv\/en\/proces-farse-per-zgjedhjen-e-presidentit-te-ri-flamur-noka-fund-qesharak-i-fasades-opozitare-alibeaj\/","title":{"rendered":"\u201cProces fars\u00eb p\u00ebr zgjedhjen e presidentit t\u00eb ri\u201d, Flamur Noka: Fund qesharak i fasad\u00ebs opozitare Alibeaj"},"content":{"rendered":"<p>Deputeti i PD, Flamur Noka ka reaguar pas deklarat\u00ebs s\u00eb Enkelejd Alibeaj\u00a0 n\u00eb lidhje me procesin p\u00ebr zgjedhjen e presidentit.<\/p>\n<p>Noka me an\u00eb t\u00eb nj\u00eb postimi n\u00eb rrjetet sociale poston foton e Enkelejd Alibeajt, Jorida Tabakut dhe Gazment Bardhit dhe shkruan \u201copozita q\u00eb do Rama dhe Balla u vet\u00ebofrua t\u00eb p\u00ebrdoret si fasad\u00eb \u201cdemokratike\u201d n\u00eb t\u00eb treja raundet e zgjedhjes s\u00eb Presidentit t\u00eb Republik\u00ebs\u201d.<\/p>\n<p>\u201cFundi qesharak i fasad\u00ebs opozitare Alibeaj. Opozita q\u00eb do Rama dhe Balla u vet\u00ebofrua t\u00eb p\u00ebrdoret si fasad\u00eb \u201cdemokratike\u201d n\u00eb t\u00eb treja raundet e zgjedhjes s\u00eb Presidentit t\u00eb Republik\u00ebs. Synimi ishte t\u2019i jepnin nj\u00eb fytyr\u00eb demokratike regjimit antidemokratik t\u00eb Edi Ram\u00ebs. Produkti ishte nj\u00eb hi\u00e7 i madh.<\/p>\n<p>N\u00eb fund t\u00eb k\u00ebtij procesi fars\u00eb, pasi u diskretituan n\u00eb syt\u00eb e t\u00eb gjith\u00eb demokrat\u00ebve, k\u00ebrkojn\u00eb d\u00ebshp\u00ebrimisht t\u00eb shp\u00ebtojn\u00eb veten n\u00eb politik\u00eb\u201d shkruan Noka n\u00eb postimin e tij.<\/p>\n<p>Kujtojm\u00eb q\u00eb Alibeaj tha se opozita do t\u00eb marr\u00eb pjes\u00eb p\u00ebr \u00e7\u00ebshtjen e presidentit t\u00eb ri. Ai tha se opozita merr pjes\u00eb n\u00eb proces p\u00ebr t\u00eb zhb\u00ebr\u00eb kultur\u00ebn e bojkotit.<\/p>","protected":false},"excerpt":{"rendered":"<p>Deputeti i PD, Flamur Noka ka reaguar pas deklarat\u00ebs s\u00eb Enkelejd Alibeaj\u00a0 n\u00eb lidhje me procesin p\u00ebr zgjedhjen e presidentit. Noka me an\u00eb t\u00eb nj\u00eb postimi n\u00eb rrjetet sociale poston foton e Enkelejd Alibeajt, Jorida Tabakut dhe Gazment Bardhit dhe shkruan \u201copozita q\u00eb do Rama dhe Balla u vet\u00ebofrua t\u00eb p\u00ebrdoret si fasad\u00eb \u201cdemokratike\u201d n\u00eb [&hellip;]<\/p>\n","protected":false},"author":2030,"featured_media":260948,"comment_status":"closed","ping_status":"closed","sticky":false,"template":"","format":"standard","meta":{"footnotes":""},"categories":[241,3366,5380,231,1454],"tags":[],"class_list":{"0":"post-260947","1":"post","2":"type-post","3":"status-publish","4":"format-standard","5":"has-post-thumbnail","7":"category-aktualitet","8":"category-koment","9":"category-kryesore","10":"category-lajme","11":"category-politike"},"_links":{"self":[{"href":"https:\/\/zjarr.tv\/en\/wp-json\/wp\/v2\/posts\/260947","targetHints":{"allow":["GET"]}}],"collection":[{"href":"https:\/\/zjarr.tv\/en\/wp-json\/wp\/v2\/posts"}],"about":[{"href":"https:\/\/zjarr.tv\/en\/wp-json\/wp\/v2\/types\/post"}],"author":[{"embeddable":true,"href":"https:\/\/zjarr.tv\/en\/wp-json\/wp\/v2\/users\/2030"}],"replies":[{"embeddable":true,"href":"https:\/\/zjarr.tv\/en\/wp-json\/wp\/v2\/comments?post=260947"}],"version-history":[{"count":0,"href":"https:\/\/zjarr.tv\/en\/wp-json\/wp\/v2\/posts\/260947\/revisions"}],"wp:featuredmedia":[{"embeddable":true,"href":"https:\/\/zjarr.tv\/en\/wp-json\/wp\/v2\/media\/260948"}],"wp:attachment":[{"href":"https:\/\/zjarr.tv\/en\/wp-json\/wp\/v2\/media?parent=260947"}],"wp:term":[{"taxonomy":"category","embeddable":true,"href":"https:\/\/zjarr.tv\/en\/wp-json\/wp\/v2\/categories?post=260947"},{"taxonomy":"post_tag","embeddable":true,"href":"https:\/\/zjarr.tv\/en\/wp-json\/wp\/v2\/tags?post=260947"}],"curies":[{"name":"wp","href":"https:\/\/api.w.org\/{rel}","templated":true}]}}