{"id":262973,"date":"2022-06-05T12:08:15","date_gmt":"2022-06-05T10:08:15","guid":{"rendered":"https:\/\/zjarr.tv\/?p=262973"},"modified":"2022-06-05T12:08:15","modified_gmt":"2022-06-05T10:08:15","slug":"erion-kristo-doja-nje-president-civil-dhe-jo-ushtarak-rama-u-tall-me-opoziten-e-shitur-ajo-ishte-pjese-e-lojes","status":"publish","type":"post","link":"https:\/\/zjarr.tv\/en\/erion-kristo-doja-nje-president-civil-dhe-jo-ushtarak-rama-u-tall-me-opoziten-e-shitur-ajo-ishte-pjese-e-lojes\/","title":{"rendered":"Erion Kristo: Doja nj\u00eb president civil dhe jo ushtarak, Rama u tall me opozit\u00ebn e shitur, ajo ishte pjes\u00eb e loj\u00ebs"},"content":{"rendered":"<p>Pedagogu dhe aktivisti Erion Kristo, ishte i ftuar n\u00eb RTV Ora, ku u shpreh se Shumica e publikut nuk e ka d\u00ebgjuar Bajram Begajn, i cili u zgjodh President i vendit.<\/p>\n<p>Ai tha se duke vler\u00ebsuar kontributin e ushtarak\u00ebve, emri nj\u00eb civili do t\u00eb ishte m\u00eb i p\u00ebrshtatsh\u00ebm p\u00ebr postin e Presidentit.<\/p>\n<p>Kristo: \u201cShumica e publikut nuk e ka d\u00ebgjuar Bajram Begajn. Ai ka qen\u00eb aty, por nuk e kemi par\u00eb. Rama e kishte n\u00eb xhaket\u00eb emrin e tij. T\u00eb gjith\u00eb e dinim q\u00eb ai do t\u00eb nxirrte nj\u00eb president q\u00eb pal\u00ebt nuk do ta shanin. Nuk besoj se ka ndonj\u00eb gj\u00eb jo kushtetuese n\u00eb zgjedhjen e tij. Berisha ndoshta ka informacionet t\u00eb tijat. Nuk do t\u00eb preferoja nj\u00eb president ushtarak. Ne nuk i ulim vlerat e askujt. Duke vler\u00ebsuar kontributin e ushtarak\u00ebve, un\u00eb mendoj se emri i nj\u00eb civili do t\u00eb ishte m\u00eb i p\u00ebrshtatsh\u00ebm.<\/p>\n<p>Te p\u00ebrvoja ushtarake mbizot\u00ebron urdhri ose mbrojta e vendit. N\u00eb fakt pozicione t\u00eb tilla drejtohen nga njer\u00ebz civil\u00eb n\u00eb bot\u00ebn e qytet\u00ebruar. N\u00eb bot\u00ebn ushtarake nuk ka kund\u00ebrshti. Un\u00eb do t\u00eb preferoja nj\u00eb qytetar aktiv t\u00eb jet\u00eb shoq\u00ebrore, jo nj\u00eb njeri q\u00eb njeh vet\u00ebm nj\u00eb aspekt t\u00eb detyrave q\u00eb ka t\u00eb b\u00ebj\u00eb m\u00eb presidenc\u00ebn. Gjithashtu, Kristo shtoi se Rama b\u00ebri politik\u00eb, e \u00e7oi aty ku donte ai dhe u tall me opozit\u00ebn dhe theksoi se kjo e fundit e pranoi talljen sepse ka marr\u00eb benefitet.<\/p>\n<p>Kristo: \u201cFiltrat nga presidenti dhe t\u00eb jen\u00eb kaluar sepse p\u00ebrndryshe do t\u00eb kishim nj\u00eb munges\u00eb serioziteti. P\u00ebr mua Rama b\u00ebri politik\u00eb, e \u00e7oi aty ku donte ai dhe u tall me opozit\u00ebn. Opozita e pranoi talljen sepse ka marr\u00eb benefitet. Rama ka treguar se nuk u q\u00ebndron marr\u00ebveshjeve dhe t\u00eb thuash p\u00ebr her\u00eb t\u00eb 10 q\u00eb ulesh dhe ta hedh, at\u00ebher\u00eb tregon se je pjes\u00eb e loj\u00ebs\u201d, u shpreh Kristo.<\/p>","protected":false},"excerpt":{"rendered":"<p>Pedagogu dhe aktivisti Erion Kristo, ishte i ftuar n\u00eb RTV Ora, ku u shpreh se Shumica e publikut nuk e ka d\u00ebgjuar Bajram Begajn, i cili u zgjodh President i vendit. Ai tha se duke vler\u00ebsuar kontributin e ushtarak\u00ebve, emri nj\u00eb civili do t\u00eb ishte m\u00eb i p\u00ebrshtatsh\u00ebm p\u00ebr postin e Presidentit. Kristo: \u201cShumica e [&hellip;]<\/p>\n","protected":false},"author":2020,"featured_media":262974,"comment_status":"closed","ping_status":"closed","sticky":false,"template":"","format":"standard","meta":{"footnotes":""},"categories":[241,5380,231],"tags":[],"class_list":{"0":"post-262973","1":"post","2":"type-post","3":"status-publish","4":"format-standard","5":"has-post-thumbnail","7":"category-aktualitet","8":"category-kryesore","9":"category-lajme"},"_links":{"self":[{"href":"https:\/\/zjarr.tv\/en\/wp-json\/wp\/v2\/posts\/262973","targetHints":{"allow":["GET"]}}],"collection":[{"href":"https:\/\/zjarr.tv\/en\/wp-json\/wp\/v2\/posts"}],"about":[{"href":"https:\/\/zjarr.tv\/en\/wp-json\/wp\/v2\/types\/post"}],"author":[{"embeddable":true,"href":"https:\/\/zjarr.tv\/en\/wp-json\/wp\/v2\/users\/2020"}],"replies":[{"embeddable":true,"href":"https:\/\/zjarr.tv\/en\/wp-json\/wp\/v2\/comments?post=262973"}],"version-history":[{"count":0,"href":"https:\/\/zjarr.tv\/en\/wp-json\/wp\/v2\/posts\/262973\/revisions"}],"wp:featuredmedia":[{"embeddable":true,"href":"https:\/\/zjarr.tv\/en\/wp-json\/wp\/v2\/media\/262974"}],"wp:attachment":[{"href":"https:\/\/zjarr.tv\/en\/wp-json\/wp\/v2\/media?parent=262973"}],"wp:term":[{"taxonomy":"category","embeddable":true,"href":"https:\/\/zjarr.tv\/en\/wp-json\/wp\/v2\/categories?post=262973"},{"taxonomy":"post_tag","embeddable":true,"href":"https:\/\/zjarr.tv\/en\/wp-json\/wp\/v2\/tags?post=262973"}],"curies":[{"name":"wp","href":"https:\/\/api.w.org\/{rel}","templated":true}]}}