{"id":262976,"date":"2022-06-05T12:12:46","date_gmt":"2022-06-05T10:12:46","guid":{"rendered":"https:\/\/zjarr.tv\/?p=262976"},"modified":"2022-06-05T12:12:46","modified_gmt":"2022-06-05T10:12:46","slug":"aleksander-vucic-uron-presidentin-e-ri-bajram-begaj-se-bashku-do-zhvillojme-te-gjitha-potencialet-e-ballkanit-te-hapur","status":"publish","type":"post","link":"https:\/\/zjarr.tv\/en\/aleksander-vucic-uron-presidentin-e-ri-bajram-begaj-se-bashku-do-zhvillojme-te-gjitha-potencialet-e-ballkanit-te-hapur\/","title":{"rendered":"Aleksand\u00ebr Vu\u00e7i\u00e7 uron presidentin e ri Bajram Begaj: S\u00eb bashku do zhvillojm\u00eb t\u00eb gjitha potencialet e \u201cBallkanit t\u00eb Hapur\u201d"},"content":{"rendered":"<p>Presidenti i Serbis\u00eb, Aleksand\u00ebr Vu\u00e7i\u00e7 ka uruar presidentin e ri t\u00eb Shqip\u00ebris\u00eb, Bajram Begajn.<\/p>\n<p>\u201cJu p\u00ebrg\u00ebzoj p\u00ebr zgjedhjen tuaj President i Republik\u00ebs s\u00eb Shqip\u00ebris\u00eb, me d\u00ebshir\u00ebn q\u00eb ta kryeni me sukses k\u00ebt\u00eb detyr\u00eb t\u00eb p\u00ebrgjegjshme. Jam i bindur q\u00eb do t\u00eb zhvillojm\u00eb marr\u00ebdh\u00ebnie t\u00eb mira e miq\u00ebsore dhe madje bashk\u00ebpunim m\u00eb t\u00eb mir\u00eb ekonomik n\u00eb fusha t\u00eb ndryshe n\u00eb dobi t\u00eb qytetar\u00ebve t\u00eb vendeve tona\u201d, m\u00ebsohet t\u00eb ket\u00eb th\u00ebn\u00eb Vu\u00e7i\u00e7.<\/p>\n<p>Sipas mediave serbe n\u00eb mesazhin e tij drejtuar presidentit t\u00eb ri, ka th\u00ebn\u00eb se t\u00eb dy vendet s\u00eb bashku mund t\u2019ia dalin me sukses n\u00eb zhvillimin e t\u00eb gjitha potencialeve t\u00eb nism\u00ebs \u201cBallkani i Hapur\u201d.<\/p>\n<p>\u201cBesoj gjithashtu se s\u00eb bashku do t\u00eb arrijm\u00eb t\u00eb zhvillojm\u00eb t\u00eb gjitha potencialet e nism\u00ebs \u201cBallkani i Hapur\u201d, e cila do t\u00eb p\u00ebrmir\u00ebsoj\u00eb shum\u00eb standardet n\u00eb rajonin ton\u00eb\u201d, ka th\u00ebn\u00eb Vu\u00e7i\u00e7 n\u00eb mesazhin e tij t\u00eb urimit.<\/p>","protected":false},"excerpt":{"rendered":"<p>Presidenti i Serbis\u00eb, Aleksand\u00ebr Vu\u00e7i\u00e7 ka uruar presidentin e ri t\u00eb Shqip\u00ebris\u00eb, Bajram Begajn. \u201cJu p\u00ebrg\u00ebzoj p\u00ebr zgjedhjen tuaj President i Republik\u00ebs s\u00eb Shqip\u00ebris\u00eb, me d\u00ebshir\u00ebn q\u00eb ta kryeni me sukses k\u00ebt\u00eb detyr\u00eb t\u00eb p\u00ebrgjegjshme. Jam i bindur q\u00eb do t\u00eb zhvillojm\u00eb marr\u00ebdh\u00ebnie t\u00eb mira e miq\u00ebsore dhe madje bashk\u00ebpunim m\u00eb t\u00eb mir\u00eb ekonomik n\u00eb [&hellip;]<\/p>\n","protected":false},"author":2020,"featured_media":180194,"comment_status":"closed","ping_status":"closed","sticky":false,"template":"","format":"standard","meta":{"footnotes":""},"categories":[241,5380,231],"tags":[],"class_list":{"0":"post-262976","1":"post","2":"type-post","3":"status-publish","4":"format-standard","5":"has-post-thumbnail","7":"category-aktualitet","8":"category-kryesore","9":"category-lajme"},"_links":{"self":[{"href":"https:\/\/zjarr.tv\/en\/wp-json\/wp\/v2\/posts\/262976","targetHints":{"allow":["GET"]}}],"collection":[{"href":"https:\/\/zjarr.tv\/en\/wp-json\/wp\/v2\/posts"}],"about":[{"href":"https:\/\/zjarr.tv\/en\/wp-json\/wp\/v2\/types\/post"}],"author":[{"embeddable":true,"href":"https:\/\/zjarr.tv\/en\/wp-json\/wp\/v2\/users\/2020"}],"replies":[{"embeddable":true,"href":"https:\/\/zjarr.tv\/en\/wp-json\/wp\/v2\/comments?post=262976"}],"version-history":[{"count":0,"href":"https:\/\/zjarr.tv\/en\/wp-json\/wp\/v2\/posts\/262976\/revisions"}],"wp:featuredmedia":[{"embeddable":true,"href":"https:\/\/zjarr.tv\/en\/wp-json\/wp\/v2\/media\/180194"}],"wp:attachment":[{"href":"https:\/\/zjarr.tv\/en\/wp-json\/wp\/v2\/media?parent=262976"}],"wp:term":[{"taxonomy":"category","embeddable":true,"href":"https:\/\/zjarr.tv\/en\/wp-json\/wp\/v2\/categories?post=262976"},{"taxonomy":"post_tag","embeddable":true,"href":"https:\/\/zjarr.tv\/en\/wp-json\/wp\/v2\/tags?post=262976"}],"curies":[{"name":"wp","href":"https:\/\/api.w.org\/{rel}","templated":true}]}}