{"id":262981,"date":"2022-06-05T12:29:45","date_gmt":"2022-06-05T10:29:45","guid":{"rendered":"https:\/\/zjarr.tv\/?p=262981"},"modified":"2022-06-05T12:29:45","modified_gmt":"2022-06-05T10:29:45","slug":"debati-per-firmen-e-metes-nga-turqia-presidentet-e-kane-statusin-edhe-jashte-vendit-ironia-e-fuges-hyp-ketu-te-shoc-stambollin-nga-ura-e-gallates","status":"publish","type":"post","link":"https:\/\/zjarr.tv\/en\/debati-per-firmen-e-metes-nga-turqia-presidentet-e-kane-statusin-edhe-jashte-vendit-ironia-e-fuges-hyp-ketu-te-shoc-stambollin-nga-ura-e-gallates\/","title":{"rendered":"Debati p\u00ebr firm\u00ebn e Met\u00ebs nga Turqia\/ \u201cPresident\u00ebt e kan\u00eb statusin edhe jasht\u00eb vendit\u201d, ironia e Fug\u00ebs: Hyp k\u00ebtu t\u00eb sho\u00e7 Stambollin nga Ura e Gallat\u00ebs!"},"content":{"rendered":"<p>Akademiku Artan Fuga iu \u00ebsht\u00eb bashkuar reagimeve q\u00eb solli firma e presidentit Ilir Meta nga Turqia, i cili liroi nga detyra e kreut t\u00eb Shtabit t\u00eb P\u00ebrgjithsh\u00ebm, pasardh\u00ebsin e tij Bajram Begaj, kreun e ri t\u00eb shtetit shqiptar.<\/p>\n<p>P\u00ebrmes nj\u00eb mesazhi n\u00eb \u2018Facebook\u2019 Fuga e cil\u00ebsoi debatin n\u00eb Kuvend t\u00eb kot\u00eb. Sipas Fug\u00ebs, teza dhe antiteza ishin n\u00eb kufijt\u00eb e krijimit t\u00eb nj\u00eb atmosfere komike. Mes t\u00eb tjerash akademiku thot\u00eb se president\u00ebt apo kryeministrat e kan\u00eb statusin edhe kur dalin jasht\u00eb vendit.<\/p>\n<p>REAGIMI I FUG\u00cbS<\/p>\n<p>Hyp n\u00eb Stamboll t\u00eb sho\u00e7 Tiran\u00ebn!<\/p>\n<p>Debati i kot\u00eb n\u00eb Kuvend p\u00ebr vendodhjen e Presidentit firmos\u00ebs<\/p>\n<p>N\u00ebse ka pasur probleme t\u00eb natyr\u00ebs politike, kjo \u00ebsht\u00eb tjet\u00ebr gj\u00eb, kurse debati n\u00ebse Presidenti aktual q\u00eb firmosi shkarkimin nga funksionet dhe gradat ushtarake t\u00eb Presidentit t\u00eb ardhsh\u00ebm ndodhej n\u00eb Stamboll, kishte apo jo t\u00eb drejt\u00eb t\u00eb firmos\u00eb, ky ishte nj\u00eb debat i tep\u00ebrt.<\/p>\n<p>Teza dhe antiteza ishin n\u00eb kufijt\u00eb e krijimit t\u00eb nj\u00eb atmosfere komike, dhe n\u00eb histori ashtu do t\u00eb hyj\u00eb!<\/p>\n<p>Teza : Meq\u00eb Presidenti aktual ndodhej n\u00eb Stamboll, n\u00eb takime me kryetarin e bashkis\u00eb atje, firmosja e dekretit t\u00eb tij jasht\u00eb territorit t\u00eb vendit \u00ebsht\u00eb nul, sepse presidenti kur del jasht\u00eb territorit nuk kryen m\u00eb detyrat e Presidentit!<\/p>\n<p>Me nj\u00eb fjal\u00eb firmosja e tij e dokumentit \u00ebsht\u00eb: Hyp k\u00ebtu t\u00eb sho\u00e7 Stambollin!<\/p>\n<p>Ta sho\u00e7 Stambollin nga Ura e Gallat\u00ebs!<\/p>\n<p>Problemi n\u00ebse funksionari i shtetit a e bart legjitimitetin e tij kushtetues n\u00eb trupin e tij, pra e humbet at\u00eb n\u00eb l\u00ebvizje jasht\u00eb territorit \u00ebsht\u00eb i vjet\u00ebr n\u00eb filozofin\u00eb politike.<\/p>\n<p>Por, dihet q\u00eb \u00ebsht\u00eb zgjidhur q\u00eb edhe kur ndodhet jasht\u00eb territorit t\u00eb shtetit, mbreti, presidenti, kryeministri, e kan\u00eb statusin e tyre edhe kur l\u00ebvizin jasht\u00eb! E kan\u00eb statusin e tyre ligjor. Nuk \u00ebsht\u00eb \u00e7\u00ebshtje e doktrinave postmoderne por k\u00ebshtu ka qen\u00eb!<\/p>\n<p>Imagjinoni Aleksandrin e Madh n\u00eb fushatat e tij n\u00eb krahinat e larg\u00ebta deri andej nga India, ushtar\u00ebt t\u2019i thoshin : Ik o tutje, je perandor n\u00eb Maqedoni, por jo k\u00ebtu! Nuk ke vul\u00eb me vete \ud83d\ude42<\/p>\n<p>Imagjinoni Napoleonin duke u folur ushtar\u00ebve t\u00eb tij p\u00ebrpara piramidave egjyptiane duke folur fjal\u00ebt monumentale q\u00eb ndri\u00e7ojn\u00eb shekujt, dhe ushtar\u00ebt, duke u zg\u00ebrdhir\u00eb p\u00ebrpara tij : Hahahahah, ik o budalla, perandor je n\u00eb Paris, jo k\u00ebtu!<\/p>\n<p>Imagjinoni Stalinin, Ruzveltin dhe Cur\u00e7illin n\u00eb Jalt\u00eb duke firmosur, kur asnj\u00ebri prej dy k\u00ebtyre t\u00eb fundit duke mos qen\u00eb n\u00eb territorin e vet, kan\u00eb firmosur nj\u00eb dokument : Hyp k\u00ebtu t\u00eb sho\u00e7 Stambollin. Gallat\u00eb te Ura e gallat\u00ebs!!!<\/p>\n<p>Imagjinoni presidenten Osmani q\u00eb vjen n\u00eb Shqip\u00ebri dhe askush nuk e pret sikurse edhe ndodh, dhe t\u2019i thon\u00eb : Presidente je atje n\u00eb Prishtin\u00eb se k\u00ebtu je turiste!!!<\/p>\n<p>Antiteza: Jo, jo, tha mazhoranca, Presidenti aktual e paska firmosur n\u00eb tok\u00eb shqiptare dekretin sepse e ka firmosur n\u00eb territorin e konsullat\u00ebs shqiptare n\u00eb Stamboll!<\/p>\n<p>Hajde gallat\u00eb hajde! Do t\u00eb mbetet si qesharake n\u00eb analet e retorik\u00ebs parlamentare shqiptare n\u00eb shekuj!<\/p>\n<p>Hyp te ura e Gallat\u00ebs t\u00eb sho\u00e7 Tiran\u00ebn! Shko n\u00eb Stamboll t\u00eb shoc Parlamentin e Tiran\u00ebs te ura e Gallat\u00ebs!<\/p>\n<p>B\u00ebn gallat\u00eb parlamenti, tallet mileti!<\/p>\n<p>Po kur presidenti shkon n\u00eb nevojtore, n\u00eb hal\u00e9 pra, a si thon\u00eb turqit, n\u00eb hamam, a \u00ebsht\u00eb ende president?<\/p>\n<p>\u00cbsht\u00eb president edhe kur p\u00ebrmjerr, kur b\u00ebn kak\u00ebn, pra kur dhjet?<\/p>\n<p>Po kur b\u00ebn not, seks, del p\u00ebr gjah! Por jasht\u00eb orarit t\u00eb pun\u00ebs \u00ebsht\u00eb President!<\/p>\n<p>Qenka territor shqiptar oborri i konsullat\u00ebs. Sigurisht g\u00ebzon t\u00eb drejt\u00ebn e ekstraterritorialitetit oborri i ambasad\u00ebs por a mund t\u00eb thuhet se \u00ebsht\u00eb territor shqiptar?<\/p>\n<p>Uroj q\u00eb presidenti Erdogan nuk e ka d\u00ebgjuar se na d\u00ebrgonte nja dy anije ushtarake q\u00eb i ka k\u00ebtu af\u00ebr n\u00eb ishujt e Jonit dhe na bombardonte sall\u00ebn e parlamentit!!!<\/p>\n<p>At\u00ebhere duhet nj\u00eb v\u00ebrtetim q\u00eb presidenti Meta e ka firmosur dokumentin n\u00eb oborrin e konsullat\u00ebs, jo n\u00eb hotel, n\u00eb ndonj\u00eb kafe n\u00eb stamboll, ose te ura e Gallat\u00ebs!<\/p>\n<p>Ose te kamarja e turpit ku vun\u00eb kok\u00ebn e Ali pash\u00ebs kur ja pren\u00eb n\u00eb shkallaret e k\u00ebshtjell\u00ebs n\u00eb Janin\u00eb!<\/p>\n<p>Ore po kur Murati vinte t\u00eb rrethonte Sk\u00ebnderbeun n\u00eb Kruj\u00eb ishte m\u00eb sulltan?<\/p>\n<p>Pra e paska firmosur te oborri i konsullat\u00ebs? N\u00eb \u00e7far\u00eb vend ekzakt\u00ebsisht? Po \u00e7atia, tjegllat e nd\u00ebrtes\u00ebs t\u00eb konsullat\u00ebs a jan\u00eb territor shqiptar?<\/p>\n<p>I duhet k\u00ebrkuar konsullit nj\u00eb v\u00ebrtetim: V\u00ebrtetoj q\u00eb presidenti Meta e ka firmosur dekretin me vullnetin dhe d\u00ebshir\u00ebn e tij, n\u00eb gjendje t\u00eb nd\u00ebrgjegjshme, pa asnj\u00eb detyrim, dhun\u00eb, ose shantazh, k\u00ebtu para syve t\u00eb mi!<\/p>\n<p>Po mir\u00eb, po si ta besojm\u00eb q\u00eb v\u00ebrtetimi konsullit \u00ebsht\u00eb legjitim. Ai duhet ta noterizoj\u00eb! Por sapo del nga muret e konsullat\u00ebs, p\u00ebr t\u00eb shkuar te noteri, ai nuk \u00ebsht\u00eb m\u00eb konsull sepse ndodhet n\u00eb tok\u00ebn e Anadollit! As ambasadori nuk \u00ebsht\u00eb m\u00eb ambasador po shkoi t\u00eb pij\u00eb kafe te qoshka e rrug\u00ebs!<\/p>\n<p>Hajde ur\u00eb e gallat\u00ebs hajde!<\/p>\n<p>Hyp te parmak\u00ebt e ur\u00ebs s\u00eb Gallat\u00ebs n\u00eb Stamboll, apo n\u00eb maj\u00eb t\u00eb lagjes t\u00eb Gallatasarajit dhe shih Tiran\u00ebn!<\/p>\n<p>Gallat\u00eb Tiran\u00eb \u2013 Stamboll me em\u00ebrimin e Presidentit t\u00eb ri! Mangut k\u00ebt\u00eb kishte historia!<\/p>","protected":false},"excerpt":{"rendered":"<p>Akademiku Artan Fuga iu \u00ebsht\u00eb bashkuar reagimeve q\u00eb solli firma e presidentit Ilir Meta nga Turqia, i cili liroi nga detyra e kreut t\u00eb Shtabit t\u00eb P\u00ebrgjithsh\u00ebm, pasardh\u00ebsin e tij Bajram Begaj, kreun e ri t\u00eb shtetit shqiptar. P\u00ebrmes nj\u00eb mesazhi n\u00eb \u2018Facebook\u2019 Fuga e cil\u00ebsoi debatin n\u00eb Kuvend t\u00eb kot\u00eb. Sipas Fug\u00ebs, teza dhe [&hellip;]<\/p>\n","protected":false},"author":2020,"featured_media":124373,"comment_status":"closed","ping_status":"closed","sticky":false,"template":"","format":"standard","meta":{"footnotes":""},"categories":[241,5380,231],"tags":[],"class_list":{"0":"post-262981","1":"post","2":"type-post","3":"status-publish","4":"format-standard","5":"has-post-thumbnail","7":"category-aktualitet","8":"category-kryesore","9":"category-lajme"},"_links":{"self":[{"href":"https:\/\/zjarr.tv\/en\/wp-json\/wp\/v2\/posts\/262981","targetHints":{"allow":["GET"]}}],"collection":[{"href":"https:\/\/zjarr.tv\/en\/wp-json\/wp\/v2\/posts"}],"about":[{"href":"https:\/\/zjarr.tv\/en\/wp-json\/wp\/v2\/types\/post"}],"author":[{"embeddable":true,"href":"https:\/\/zjarr.tv\/en\/wp-json\/wp\/v2\/users\/2020"}],"replies":[{"embeddable":true,"href":"https:\/\/zjarr.tv\/en\/wp-json\/wp\/v2\/comments?post=262981"}],"version-history":[{"count":0,"href":"https:\/\/zjarr.tv\/en\/wp-json\/wp\/v2\/posts\/262981\/revisions"}],"wp:featuredmedia":[{"embeddable":true,"href":"https:\/\/zjarr.tv\/en\/wp-json\/wp\/v2\/media\/124373"}],"wp:attachment":[{"href":"https:\/\/zjarr.tv\/en\/wp-json\/wp\/v2\/media?parent=262981"}],"wp:term":[{"taxonomy":"category","embeddable":true,"href":"https:\/\/zjarr.tv\/en\/wp-json\/wp\/v2\/categories?post=262981"},{"taxonomy":"post_tag","embeddable":true,"href":"https:\/\/zjarr.tv\/en\/wp-json\/wp\/v2\/tags?post=262981"}],"curies":[{"name":"wp","href":"https:\/\/api.w.org\/{rel}","templated":true}]}}