{"id":262983,"date":"2022-06-05T12:38:19","date_gmt":"2022-06-05T10:38:19","guid":{"rendered":"https:\/\/zjarr.tv\/?p=262983"},"modified":"2022-06-05T12:38:19","modified_gmt":"2022-06-05T10:38:19","slug":"presidenti-i-ri-bajram-begaj-merr-keshillat-e-para-nga-alfred-moisiu-zbardhen-detaje-nga-takimi-ne-periferi-te-tiranes","status":"publish","type":"post","link":"https:\/\/zjarr.tv\/en\/presidenti-i-ri-bajram-begaj-merr-keshillat-e-para-nga-alfred-moisiu-zbardhen-detaje-nga-takimi-ne-periferi-te-tiranes\/","title":{"rendered":"Presidenti i ri Bajram Begaj merr k\u00ebshillat e para nga Alfred Moisiu, zbardhen detaje nga takimi n\u00eb periferi t\u00eb Tiran\u00ebs!"},"content":{"rendered":"<p>Zbardhen detaje t\u00eb reja nga takimi mes presidentit t\u00eb ri t\u00eb republik\u00ebs s\u00eb Shqip\u00ebris\u00eb Bajram Begaj me ish-kreun e shtetit Alfred Moisiun.<\/p>\n<p>Parorama raporton se takimi \u00ebsht\u00eb b\u00ebr\u00eb me k\u00ebrkes\u00eb t\u00eb presidentit t\u00eb sapozgjedhur Begaj, n\u00eb or\u00ebn 10:00 n\u00eb periferi t\u00eb Tiran\u00ebs.<\/p>\n<p>Kreu i ri i shtetit i shoq\u00ebruar nga garda e republik\u00ebs ka udh\u00ebtuar drejt Baldushkut ku po q\u00ebndron ish-presidenti Alfred Moisiu, duke u larguar nga temperaturat e larta t\u00eb Tiran\u00ebs.<\/p>\n<p>N\u00eb takim fokusi duket t\u00eb ket\u00eb qen\u00eb pik\u00ebrisht detyra e re e Begajt ku Moisiu i ka ofruar disa k\u00ebshilla presidentit t\u00eb ri.<\/p>\n<p>Deri n\u00eb marrjen e detyr\u00ebs s\u00eb kreut t\u00eb shtetit, Begaj duket se do t\u00eb zhvilloj\u00eb disa takime t\u00eb tjera. N\u00eb dit\u00ebt dhe jav\u00ebt n\u00eb vazhdim pritet t\u00eb ket\u00eb takime me ish-president\u00eb t\u00eb tjer\u00eb t\u00eb vendit si Bamir Topi, Rexhep Meidani, et<\/p>\n<p>Begaj u votua dit\u00ebn e djeshme n\u00eb Kuvend me 78 vota pro, 4 kund\u00ebr dhe 1 abstenim. Ai \u00ebsht\u00eb presidenti i tret\u00eb i Shqip\u00ebris\u00eb, pas ish-president Alfred Moisiut dhe t\u00eb ndjerit Bujar Nishani q\u00eb vjen nga karriera ushtarake.<\/p>","protected":false},"excerpt":{"rendered":"<p>Zbardhen detaje t\u00eb reja nga takimi mes presidentit t\u00eb ri t\u00eb republik\u00ebs s\u00eb Shqip\u00ebris\u00eb Bajram Begaj me ish-kreun e shtetit Alfred Moisiun. Parorama raporton se takimi \u00ebsht\u00eb b\u00ebr\u00eb me k\u00ebrkes\u00eb t\u00eb presidentit t\u00eb sapozgjedhur Begaj, n\u00eb or\u00ebn 10:00 n\u00eb periferi t\u00eb Tiran\u00ebs. Kreu i ri i shtetit i shoq\u00ebruar nga garda e republik\u00ebs ka udh\u00ebtuar [&hellip;]<\/p>\n","protected":false},"author":2020,"featured_media":262984,"comment_status":"closed","ping_status":"closed","sticky":false,"template":"","format":"standard","meta":{"footnotes":""},"categories":[241,5380,231],"tags":[],"class_list":{"0":"post-262983","1":"post","2":"type-post","3":"status-publish","4":"format-standard","5":"has-post-thumbnail","7":"category-aktualitet","8":"category-kryesore","9":"category-lajme"},"_links":{"self":[{"href":"https:\/\/zjarr.tv\/en\/wp-json\/wp\/v2\/posts\/262983","targetHints":{"allow":["GET"]}}],"collection":[{"href":"https:\/\/zjarr.tv\/en\/wp-json\/wp\/v2\/posts"}],"about":[{"href":"https:\/\/zjarr.tv\/en\/wp-json\/wp\/v2\/types\/post"}],"author":[{"embeddable":true,"href":"https:\/\/zjarr.tv\/en\/wp-json\/wp\/v2\/users\/2020"}],"replies":[{"embeddable":true,"href":"https:\/\/zjarr.tv\/en\/wp-json\/wp\/v2\/comments?post=262983"}],"version-history":[{"count":0,"href":"https:\/\/zjarr.tv\/en\/wp-json\/wp\/v2\/posts\/262983\/revisions"}],"wp:featuredmedia":[{"embeddable":true,"href":"https:\/\/zjarr.tv\/en\/wp-json\/wp\/v2\/media\/262984"}],"wp:attachment":[{"href":"https:\/\/zjarr.tv\/en\/wp-json\/wp\/v2\/media?parent=262983"}],"wp:term":[{"taxonomy":"category","embeddable":true,"href":"https:\/\/zjarr.tv\/en\/wp-json\/wp\/v2\/categories?post=262983"},{"taxonomy":"post_tag","embeddable":true,"href":"https:\/\/zjarr.tv\/en\/wp-json\/wp\/v2\/tags?post=262983"}],"curies":[{"name":"wp","href":"https:\/\/api.w.org\/{rel}","templated":true}]}}