{"id":262986,"date":"2022-06-05T12:46:32","date_gmt":"2022-06-05T10:46:32","guid":{"rendered":"https:\/\/zjarr.tv\/?p=262986"},"modified":"2022-06-05T12:46:32","modified_gmt":"2022-06-05T10:46:32","slug":"andi-bushati-kafshet-e-vecanta-te-kopshtit-zologjik","status":"publish","type":"post","link":"https:\/\/zjarr.tv\/en\/andi-bushati-kafshet-e-vecanta-te-kopshtit-zologjik\/","title":{"rendered":"Andi Bushati\/ Kafsh\u00ebt e ve\u00e7anta t\u00eb Kopshtit Zologjik"},"content":{"rendered":"<p>Gazetari Andi Bushati ka reaguar m\u00eb nj\u00eb postim n\u00eb facebook pas inagurimit nga kreu i qeveris\u00eb Rama dhe kreu i Bashkis\u00eb Veliaj t\u00eb nj\u00eb ambjenti q\u00eb ata e quajne Kopshti Zologjik i Tiran\u00ebs.<\/p>\n<p>Bushati ka ironizuar me an\u00eb t\u00eb nj\u00eb fotoje prezenc\u00ebn aty t\u00eb Ram\u00ebs dhe Veliaj<\/p>\n<p>Ja postimi i plot\u00eb:<\/p>\n<p>Kam pare me dhjetra foto nga kjo mrekullia e kopshtiti zologjik, ku pozojne qeveritare, bashkiake, mbeshtetes te tyre, prinder me femije, klloune qe ngrohin atmosferen&#8230;.por ende nuk kam ndeshur ne ndonje imazh specieje per te cilen ti&#8217;a vlente qe te gjithe keta se bashku te gjendeshin aty.<\/p>","protected":false},"excerpt":{"rendered":"<p>Gazetari Andi Bushati ka reaguar m\u00eb nj\u00eb postim n\u00eb facebook pas inagurimit nga kreu i qeveris\u00eb Rama dhe kreu i Bashkis\u00eb Veliaj t\u00eb nj\u00eb ambjenti q\u00eb ata e quajne Kopshti Zologjik i Tiran\u00ebs. Bushati ka ironizuar me an\u00eb t\u00eb nj\u00eb fotoje prezenc\u00ebn aty t\u00eb Ram\u00ebs dhe Veliaj Ja postimi i plot\u00eb: Kam pare me dhjetra [&hellip;]<\/p>\n","protected":false},"author":2020,"featured_media":208149,"comment_status":"closed","ping_status":"closed","sticky":false,"template":"","format":"standard","meta":{"footnotes":""},"categories":[241,5380,231],"tags":[],"class_list":{"0":"post-262986","1":"post","2":"type-post","3":"status-publish","4":"format-standard","5":"has-post-thumbnail","7":"category-aktualitet","8":"category-kryesore","9":"category-lajme"},"_links":{"self":[{"href":"https:\/\/zjarr.tv\/en\/wp-json\/wp\/v2\/posts\/262986","targetHints":{"allow":["GET"]}}],"collection":[{"href":"https:\/\/zjarr.tv\/en\/wp-json\/wp\/v2\/posts"}],"about":[{"href":"https:\/\/zjarr.tv\/en\/wp-json\/wp\/v2\/types\/post"}],"author":[{"embeddable":true,"href":"https:\/\/zjarr.tv\/en\/wp-json\/wp\/v2\/users\/2020"}],"replies":[{"embeddable":true,"href":"https:\/\/zjarr.tv\/en\/wp-json\/wp\/v2\/comments?post=262986"}],"version-history":[{"count":0,"href":"https:\/\/zjarr.tv\/en\/wp-json\/wp\/v2\/posts\/262986\/revisions"}],"wp:featuredmedia":[{"embeddable":true,"href":"https:\/\/zjarr.tv\/en\/wp-json\/wp\/v2\/media\/208149"}],"wp:attachment":[{"href":"https:\/\/zjarr.tv\/en\/wp-json\/wp\/v2\/media?parent=262986"}],"wp:term":[{"taxonomy":"category","embeddable":true,"href":"https:\/\/zjarr.tv\/en\/wp-json\/wp\/v2\/categories?post=262986"},{"taxonomy":"post_tag","embeddable":true,"href":"https:\/\/zjarr.tv\/en\/wp-json\/wp\/v2\/tags?post=262986"}],"curies":[{"name":"wp","href":"https:\/\/api.w.org\/{rel}","templated":true}]}}