{"id":262988,"date":"2022-06-05T13:03:28","date_gmt":"2022-06-05T11:03:28","guid":{"rendered":"https:\/\/zjarr.tv\/?p=262988"},"modified":"2022-06-05T13:03:28","modified_gmt":"2022-06-05T11:03:28","slug":"kopshti-i-ri-zoologjik-rama-mjedis-teresisht-i-rilindur-i-pakrahasueshem-me-me-pare","status":"publish","type":"post","link":"https:\/\/zjarr.tv\/en\/kopshti-i-ri-zoologjik-rama-mjedis-teresisht-i-rilindur-i-pakrahasueshem-me-me-pare\/","title":{"rendered":"Kopshti i ri zoologjik, Rama: Mjedis t\u00ebr\u00ebsisht i rilindur, i pakrahasuesh\u00ebm me m\u00eb par\u00eb"},"content":{"rendered":"<p>Kryeministri Edi Rama ka inauguruar sot hapjen e kopshtit e ri Zoologjik n\u00eb Tiran\u00eb, i cili hapi dyert p\u00ebr vizitor\u00ebt.\u00a0 Gjat\u00eb fjal\u00ebs s\u00eb tij, kreu i qeveris\u00eb e quajti nj\u00eb hap\u00ebsir\u00eb fantastike dhe t\u00eb rilindur.<\/p>\n<p>\u201cM\u00eb n\u00eb fund lali Eri e mbajti fjal\u00ebn. Nj\u00eb hap\u00ebsir\u00eb fantastike. Nj\u00eb mjedis i rilindur t\u00ebr\u00ebsisht. I pakrahasuesh\u00ebm me \u00e7far\u00eb ishte m\u00eb par\u00eb. nj\u00eb kopsht zoologjik\u00a0 me hap\u00ebsira fantastike p\u00ebr kafsh\u00ebt e mbledhura k\u00ebtu, por edhe p\u00ebr f\u00ebmij\u00ebt, edhe p\u00ebr prind\u00ebrit, gjysh\u00ebrit. P\u00ebrvese nj\u00eb hap\u00ebsir\u00eb me plot atraksione dhe mund\u00ebsi arg\u00ebtimi, kjo \u00ebsht\u00eb edhe nj\u00eb hap\u00ebsir\u00eb m\u00ebsimi, edukimi me bot\u00ebn e kafsh\u00ebve.<\/p>\n<p>\u00cbsht\u00eb nj\u00eb dit\u00eb fantastike p\u00ebr f\u00ebmij\u00ebt e Tiran\u00ebs, por edhe t\u00eb qyteteve t\u00eb tjera, kopshtet zoologjike nuk jan\u00eb n\u00eb \u00e7do qytet.\u00a0 Ne do t\u00eb organizojm\u00eb s\u00eb bashku me ministrin\u00eb e Arsimit dhe ministren p\u00ebr F\u00ebmij\u00ebt edhe ekskursione nga shkolla t\u00eb tjera t\u00eb vendit p\u00ebr t\u00eb kaluar nj\u00eb gjysm\u00eb dite t\u00eb bukur k\u00ebtu.<\/p>\n<p>Dua vet\u00ebm t\u00eb fal\u00ebnderoj t\u00eb gjith\u00eb ata q\u00eb punuan p\u00ebr t\u00eb arritur dit\u00ebs s\u00eb hapjes s\u00eb dyerve dhe n\u00eb fakt \u00ebsht\u00eb puna e shum\u00eb njer\u00ebzve q\u00eb nga projektuesit dhe me radh\u00eb\u201d, tha Rama.<\/p>","protected":false},"excerpt":{"rendered":"<p>Kryeministri Edi Rama ka inauguruar sot hapjen e kopshtit e ri Zoologjik n\u00eb Tiran\u00eb, i cili hapi dyert p\u00ebr vizitor\u00ebt.\u00a0 Gjat\u00eb fjal\u00ebs s\u00eb tij, kreu i qeveris\u00eb e quajti nj\u00eb hap\u00ebsir\u00eb fantastike dhe t\u00eb rilindur. \u201cM\u00eb n\u00eb fund lali Eri e mbajti fjal\u00ebn. Nj\u00eb hap\u00ebsir\u00eb fantastike. Nj\u00eb mjedis i rilindur t\u00ebr\u00ebsisht. I pakrahasuesh\u00ebm me \u00e7far\u00eb [&hellip;]<\/p>\n","protected":false},"author":2020,"featured_media":262989,"comment_status":"closed","ping_status":"closed","sticky":false,"template":"","format":"standard","meta":{"footnotes":""},"categories":[241,231],"tags":[],"class_list":{"0":"post-262988","1":"post","2":"type-post","3":"status-publish","4":"format-standard","5":"has-post-thumbnail","7":"category-aktualitet","8":"category-lajme"},"_links":{"self":[{"href":"https:\/\/zjarr.tv\/en\/wp-json\/wp\/v2\/posts\/262988","targetHints":{"allow":["GET"]}}],"collection":[{"href":"https:\/\/zjarr.tv\/en\/wp-json\/wp\/v2\/posts"}],"about":[{"href":"https:\/\/zjarr.tv\/en\/wp-json\/wp\/v2\/types\/post"}],"author":[{"embeddable":true,"href":"https:\/\/zjarr.tv\/en\/wp-json\/wp\/v2\/users\/2020"}],"replies":[{"embeddable":true,"href":"https:\/\/zjarr.tv\/en\/wp-json\/wp\/v2\/comments?post=262988"}],"version-history":[{"count":0,"href":"https:\/\/zjarr.tv\/en\/wp-json\/wp\/v2\/posts\/262988\/revisions"}],"wp:featuredmedia":[{"embeddable":true,"href":"https:\/\/zjarr.tv\/en\/wp-json\/wp\/v2\/media\/262989"}],"wp:attachment":[{"href":"https:\/\/zjarr.tv\/en\/wp-json\/wp\/v2\/media?parent=262988"}],"wp:term":[{"taxonomy":"category","embeddable":true,"href":"https:\/\/zjarr.tv\/en\/wp-json\/wp\/v2\/categories?post=262988"},{"taxonomy":"post_tag","embeddable":true,"href":"https:\/\/zjarr.tv\/en\/wp-json\/wp\/v2\/tags?post=262988"}],"curies":[{"name":"wp","href":"https:\/\/api.w.org\/{rel}","templated":true}]}}