{"id":263020,"date":"2022-06-05T15:50:30","date_gmt":"2022-06-05T13:50:30","guid":{"rendered":"https:\/\/zjarr.tv\/?p=263020"},"modified":"2022-06-05T15:50:30","modified_gmt":"2022-06-05T13:50:30","slug":"mbledhja-e-mbetjeve-ne-qytet-me-kazane-te-rinj-nentokesor-rama-me-ne-fund-edhe-ne-tirane-nuk-ndotin-e-as-vandalizohen","status":"publish","type":"post","link":"https:\/\/zjarr.tv\/en\/mbledhja-e-mbetjeve-ne-qytet-me-kazane-te-rinj-nentokesor-rama-me-ne-fund-edhe-ne-tirane-nuk-ndotin-e-as-vandalizohen\/","title":{"rendered":"\u201cMbledhja e mbetjeve n\u00eb qytet me kazan\u00eb t\u00eb rinj n\u00ebntok\u00ebsor\u201d\/ Rama: M\u00eb n\u00eb fund edhe n\u00eb Tiran\u00eb! Nuk ndotin e as vandalizohen\u2026"},"content":{"rendered":"<p>N\u00eb Dit\u00ebn Nd\u00ebrkomb\u00ebtare t\u00eb Mjedisit kryeministri Edi Rama ka publikuar nj\u00eb video n\u00eb Facebook, nd\u00ebrsa shprehet se \u00ebsht\u00eb hedhur hapi i par\u00eb drejt teknologjis\u00eb s\u00eb re e cila mund\u00ebson mbledhjen e mbetjeve me kazan\u00eb t\u00eb rinj n\u00ebntok\u00ebsore.<\/p>\n<p>Rama shprehet se tashm\u00eb nuk do t\u00eb ket\u00eb ndotje dhe se nuk do t\u00eb vandalizohen kazanet, dhe n\u00eb k\u00ebt\u00eb m\u00ebnyr\u00eb i hapet rrug\u00eb ndarjes s\u00eb mbetjeve n\u00eb burim.<\/p>\n<p>Statusi:<\/p>\n<p>Pastrimi \u00ebsht\u00eb civilizim.<\/p>\n<p>*n\u00eb Dit\u00ebn Nd\u00ebrkomb\u00ebtare t\u00eb Mjedisit, m\u00eb n\u00eb fund edhe n\u00eb Tiran\u00eb hidhet hapi i par\u00eb drejt teknologjis\u00eb s\u00eb mbledhjes s\u00eb mbetjeve n\u00eb qytet me kazan\u00eb t\u00eb rinj n\u00ebntok\u00ebsor, q\u00eb nuk ndotin e as vandalizohen dot dhe q\u00eb zbrazen me nj\u00eb mjet t\u00eb posa\u00e7\u00ebm, duke i hapur gjithashtu rrug\u00ebn ndarjes s\u00eb mbetjeve n\u00eb burim.<\/p>","protected":false},"excerpt":{"rendered":"<p>N\u00eb Dit\u00ebn Nd\u00ebrkomb\u00ebtare t\u00eb Mjedisit kryeministri Edi Rama ka publikuar nj\u00eb video n\u00eb Facebook, nd\u00ebrsa shprehet se \u00ebsht\u00eb hedhur hapi i par\u00eb drejt teknologjis\u00eb s\u00eb re e cila mund\u00ebson mbledhjen e mbetjeve me kazan\u00eb t\u00eb rinj n\u00ebntok\u00ebsore. Rama shprehet se tashm\u00eb nuk do t\u00eb ket\u00eb ndotje dhe se nuk do t\u00eb vandalizohen kazanet, dhe n\u00eb [&hellip;]<\/p>\n","protected":false},"author":2020,"featured_media":188127,"comment_status":"closed","ping_status":"closed","sticky":false,"template":"","format":"standard","meta":{"footnotes":""},"categories":[241,5380,231],"tags":[],"class_list":{"0":"post-263020","1":"post","2":"type-post","3":"status-publish","4":"format-standard","5":"has-post-thumbnail","7":"category-aktualitet","8":"category-kryesore","9":"category-lajme"},"_links":{"self":[{"href":"https:\/\/zjarr.tv\/en\/wp-json\/wp\/v2\/posts\/263020","targetHints":{"allow":["GET"]}}],"collection":[{"href":"https:\/\/zjarr.tv\/en\/wp-json\/wp\/v2\/posts"}],"about":[{"href":"https:\/\/zjarr.tv\/en\/wp-json\/wp\/v2\/types\/post"}],"author":[{"embeddable":true,"href":"https:\/\/zjarr.tv\/en\/wp-json\/wp\/v2\/users\/2020"}],"replies":[{"embeddable":true,"href":"https:\/\/zjarr.tv\/en\/wp-json\/wp\/v2\/comments?post=263020"}],"version-history":[{"count":0,"href":"https:\/\/zjarr.tv\/en\/wp-json\/wp\/v2\/posts\/263020\/revisions"}],"wp:featuredmedia":[{"embeddable":true,"href":"https:\/\/zjarr.tv\/en\/wp-json\/wp\/v2\/media\/188127"}],"wp:attachment":[{"href":"https:\/\/zjarr.tv\/en\/wp-json\/wp\/v2\/media?parent=263020"}],"wp:term":[{"taxonomy":"category","embeddable":true,"href":"https:\/\/zjarr.tv\/en\/wp-json\/wp\/v2\/categories?post=263020"},{"taxonomy":"post_tag","embeddable":true,"href":"https:\/\/zjarr.tv\/en\/wp-json\/wp\/v2\/tags?post=263020"}],"curies":[{"name":"wp","href":"https:\/\/api.w.org\/{rel}","templated":true}]}}