{"id":263200,"date":"2022-06-06T15:07:13","date_gmt":"2022-06-06T13:07:13","guid":{"rendered":"https:\/\/zjarr.tv\/?p=263200"},"modified":"2022-06-06T15:37:54","modified_gmt":"2022-06-06T13:37:54","slug":"plotesohen-pozicionet-e-lira-nga-kryetari-tek-zevendesit-e-tij-dhe-kryesia-ky-eshte-ekipi-i-ri-i-partise-demokratike","status":"publish","type":"post","link":"https:\/\/zjarr.tv\/en\/plotesohen-pozicionet-e-lira-nga-kryetari-tek-zevendesit-e-tij-dhe-kryesia-ky-eshte-ekipi-i-ri-i-partise-demokratike\/","title":{"rendered":"Plot\u00ebsohen pozicionet e lira\/ Nga kryetari tek z\u00ebvend\u00ebsit e tij dhe kryesia, ky \u00ebsht\u00eb ekipi i ri i partis\u00eb Demokratike"},"content":{"rendered":"<p>Deputetja Albana Vokshi ka dal\u00eb n\u00eb nj\u00eb deklarat\u00eb p\u00ebr mediat ku ka b\u00ebr\u00eb me dije ekipin e ri t\u00eb partis\u00eb Demokratike pas p\u00ebrfundimit t\u00eb proceseve zgjedhore me p\u00ebrmbylljen e zgjedhjeve p\u00ebr an\u00ebtar\u00ebt e kryesis\u00eb n\u00eb dat\u00ebn 3 qershor.<\/p>\n<p>KRYESIA DHE ORGANET DREJTUESE T\u00cb PDSH<\/p>\n<p>Pas votimit p\u00ebr Organet Drejtuese t\u00eb PDSH m\u00eb dat\u00eb 3.6.2022, bazuar n\u00eb Statutin e PDSH t\u00eb ndryshuar n\u00eb Kuvendin Komb\u00ebtar t\u00eb dat\u00ebs 30 prill 2022, ekipi i ri drejtues iPartis\u00eb Demokratike \u00ebsht\u00eb si m\u00eb posht\u00eb vijon:<\/p>\n<ul>\n<li>SALI BERISHA \u2013 Kryetar i Partis\u00eb Demokratike<\/li>\n<li>Luciano Bo\u00e7i N\u00ebnkryetar i PD<\/li>\n<li>Oerd Bylykbashi N\u00ebnkryetar i PD<\/li>\n<li>Flamur Noka Sekretar i P\u00ebrgjithsh\u00ebm<\/li>\n<li>Ervin Minarolli Sekretar p\u00ebr Organizimin dhe Burimet Njer\u00ebzore<\/li>\n<li>Ivi Kaso Sekretar p\u00ebr C\u00ebshtjet Ligjore dhe Zgjedhore<\/li>\n<li>Ledina Mandia Sekretar p\u00ebr Transparenc\u00ebn, Luft\u00ebn kund\u00ebr<\/li>\n<\/ul>\n<p>Korrupsionit dhe Kthimin e Pronave<\/p>\n<ul>\n<li>Edmond Spaho Sekretar p\u00ebr Integrimin Europian<\/li>\n<li>Bisilim Ahmetaj Sekretar p\u00ebr t\u00eb Drejtat e Njeriut<\/li>\n<li>Lorenc Luka Sekretar p\u00ebr Integrimin e t\u00eb P\u00ebrndjekurve Politik\u00eb<\/li>\n<li>Jola Hysaj Sekretar p\u00ebr Marr\u00ebdheniet me Publikun<\/li>\n<li>Indrit Hoxha Sekretar p\u00ebr Emigracionin Diaspor\u00ebn dhe<\/li>\n<\/ul>\n<p>Organizimin e PD jasht\u00eb vendit<\/p>\n<ul>\n<li>Ylli Asllani Sekretar p\u00ebr Pushtetin vendor<\/li>\n<li>Megi Balliu Sekretar p\u00ebr Organizatat Partnere<\/li>\n<\/ul>\n<p>KRYESIA E PARTIS\u00cb DEMOKRATIKE<\/p>\n<ol>\n<li>Agron Shehaj<\/li>\n<li>Aldo Bum\u00e7i<\/li>\n<li>Arben Ristani<\/li>\n<li>Bardh Spahia<\/li>\n<li>Belind K\u00eblli\u00e7i<\/li>\n<li>Edith Harxhi<\/li>\n<li>Eleina Qirici<\/li>\n<li>Enno Bozdo<\/li>\n<li>Fatbardha Kadiu<\/li>\n<li>Floriana Garo<\/li>\n<li>Florion Mima<\/li>\n<li>Genc Deromemaj<\/li>\n<li>Gent Strazimiri<\/li>\n<li>Grigels Mu\u00e7ollari<\/li>\n<li>Ina Zhupa<\/li>\n<li>Jozefina Topalli<\/li>\n<li>Keltis Kruja<\/li>\n<li>Luan Ba\u00e7I<\/li>\n<li>Mimoza Hajdarmataj<\/li>\n<li>Sorina Koti<\/li>\n<\/ol>\n<p>Albana Vokshi \u2013 Kryetare e LDGSH<\/p>\n<p>KOMISIONI APELIT<\/p>\n<ul>\n<li>Adriana Kalaja Kryetare<\/li>\n<li>Elton Bano An\u00ebtar<\/li>\n<li>Anxhela Malko An\u00ebtar<\/li>\n<li>Ledio Nura An\u00ebtar<\/li>\n<li>Gledis Cela An\u00ebtar<\/li>\n<\/ul>\n<p>K\u00ebshtu p\u00ebrmbyllet procesi zgjedhor m\u00eb demokratik, m\u00eb transparent, m\u00eb me integritet e m\u00eb i besuesh\u00ebm n\u00eb nj\u00eb parti politike n\u00eb Shqip\u00ebri. Nj\u00eb triumf i demokracis\u00eb dhe vot\u00ebs s\u00eb lir\u00eb. Rikthimi te vota \u00ebsht\u00eb hapi i par\u00eb dhe m\u00eb i r\u00ebnd\u00ebsish\u00ebm p\u00ebr ta cuar PD drejt fitores.<\/p>","protected":false},"excerpt":{"rendered":"<p>Deputetja Albana Vokshi ka dal\u00eb n\u00eb nj\u00eb deklarat\u00eb p\u00ebr mediat ku ka b\u00ebr\u00eb me dije ekipin e ri t\u00eb partis\u00eb Demokratike pas p\u00ebrfundimit t\u00eb proceseve zgjedhore me p\u00ebrmbylljen e zgjedhjeve p\u00ebr an\u00ebtar\u00ebt e kryesis\u00eb n\u00eb dat\u00ebn 3 qershor. KRYESIA DHE ORGANET DREJTUESE T\u00cb PDSH Pas votimit p\u00ebr Organet Drejtuese t\u00eb PDSH m\u00eb dat\u00eb 3.6.2022, bazuar [&hellip;]<\/p>\n","protected":false},"author":2020,"featured_media":263201,"comment_status":"closed","ping_status":"closed","sticky":false,"template":"","format":"standard","meta":{"footnotes":""},"categories":[241,5380,231],"tags":[],"class_list":{"0":"post-263200","1":"post","2":"type-post","3":"status-publish","4":"format-standard","5":"has-post-thumbnail","7":"category-aktualitet","8":"category-kryesore","9":"category-lajme"},"_links":{"self":[{"href":"https:\/\/zjarr.tv\/en\/wp-json\/wp\/v2\/posts\/263200","targetHints":{"allow":["GET"]}}],"collection":[{"href":"https:\/\/zjarr.tv\/en\/wp-json\/wp\/v2\/posts"}],"about":[{"href":"https:\/\/zjarr.tv\/en\/wp-json\/wp\/v2\/types\/post"}],"author":[{"embeddable":true,"href":"https:\/\/zjarr.tv\/en\/wp-json\/wp\/v2\/users\/2020"}],"replies":[{"embeddable":true,"href":"https:\/\/zjarr.tv\/en\/wp-json\/wp\/v2\/comments?post=263200"}],"version-history":[{"count":0,"href":"https:\/\/zjarr.tv\/en\/wp-json\/wp\/v2\/posts\/263200\/revisions"}],"wp:featuredmedia":[{"embeddable":true,"href":"https:\/\/zjarr.tv\/en\/wp-json\/wp\/v2\/media\/263201"}],"wp:attachment":[{"href":"https:\/\/zjarr.tv\/en\/wp-json\/wp\/v2\/media?parent=263200"}],"wp:term":[{"taxonomy":"category","embeddable":true,"href":"https:\/\/zjarr.tv\/en\/wp-json\/wp\/v2\/categories?post=263200"},{"taxonomy":"post_tag","embeddable":true,"href":"https:\/\/zjarr.tv\/en\/wp-json\/wp\/v2\/tags?post=263200"}],"curies":[{"name":"wp","href":"https:\/\/api.w.org\/{rel}","templated":true}]}}