{"id":263211,"date":"2022-06-06T15:21:30","date_gmt":"2022-06-06T13:21:30","guid":{"rendered":"https:\/\/zjarr.tv\/?p=263211"},"modified":"2022-06-06T15:21:30","modified_gmt":"2022-06-06T13:21:30","slug":"spak-ka-ne-dore-celesin-e-nje-kasaforte-do-te-fundosen-emra-te-njohur-te-politike-klodiana-lala-nxjerr-informacionin-sekret-tregon-cfare-ka-thene-nuredin-dumani-per-disa-politikane","status":"publish","type":"post","link":"https:\/\/zjarr.tv\/en\/spak-ka-ne-dore-celesin-e-nje-kasaforte-do-te-fundosen-emra-te-njohur-te-politike-klodiana-lala-nxjerr-informacionin-sekret-tregon-cfare-ka-thene-nuredin-dumani-per-disa-politikane\/","title":{"rendered":"&#8220;SPAK ka n\u00eb dor\u00eb \u00e7el\u00ebsin e nj\u00eb kasaforte!\u201d\/ Do t\u00eb fundosen emra t\u00eb njohur t\u00eb politik\u00eb? Klodiana Lala nxjerr informacionin sekret, tregon \u00e7far\u00eb ka th\u00ebn\u00eb Nuredin Dumani p\u00ebr disa politikan\u00eb"},"content":{"rendered":"<p>Gazetarja Klodiana Lala ka analizuar d\u00ebshmit\u00eb e t\u00eb penduarit t\u00eb drejt\u00ebsis\u00eb, Nuredin Dumani.<\/p>\n<p>Lala tha se Dumani nuk mund t\u00eb nxjerr\u00eb emra politikan\u00ebsh, pasi sipas saj, \u201cligji thot\u00eb se d\u00ebshmia duhet t\u00eb jet\u00eb e shoq\u00ebruar me prova t\u00eb tjera. Nuk mund t\u00eb flas\u00eb n\u00eb aj\u00ebr. D\u00ebshmia e tij do duhet t\u00eb p\u00ebrputhet minimalisht me nj\u00eb t\u00eb dh\u00ebn\u00eb tjet\u00ebr\u201d.<\/p>\n<p>Pjes\u00eb nga diskutimet n\u00eb studio:<\/p>\n<p>Lala: SPAK sot ka n\u00eb dor\u00eb \u00e7el\u00ebsin e kasaforte shum\u00eb t\u00eb r\u00ebnd\u00ebsishme. D\u00ebshmia e Dumanit p\u00ebrputhet me sistemin TIMS.<\/p>\n<p>N\u00eb informacionet q\u00eb un\u00eb disponoj, Dumani nuk ka dh\u00ebn\u00eb nj\u00eb d\u00ebshmi t\u00eb vetme. D\u00ebshmia e par\u00eb \u00ebsht\u00eb dh\u00ebn\u00eb n\u00eb shtratin e spitalit, ku ishte shum\u00eb i rrezikuar, madje edhe sot \u00ebsht\u00eb i rrezikuar, pasi plumbin e ka n\u00eb mushk\u00ebri dhe do t\u00eb jetoj\u00eb me at\u00eb plumb sa t\u00eb ket\u00eb jet\u00eb. N\u00eb disa nga d\u00ebshmit\u00eb e tij, rezulton q\u00eb Nuredin Dumani nuk ka folur p\u00ebr porosi t\u00eb marra direkt nga politikan\u00eb, por n\u00eb m\u00ebnyr\u00eb indirekte. Pra, p\u00ebr nj\u00eb politikan t\u00eb caktuar, ka th\u00ebn\u00eb se nga persona t\u00eb dyt\u00eb e tret\u00eb, m\u00eb kan\u00eb th\u00ebn\u00eb se X politikan ka pasur interes p\u00ebr t\u00eb kryer nj\u00eb ngjarje. Deri m\u00eb tani, k\u00ebshtu jan\u00eb d\u00ebshmit\u00eb e tij. Deri tani jemi n\u00eb k\u00ebt\u00eb situat\u00eb, ka folur p\u00ebr t\u00eb dh\u00ebna t\u00eb marra n\u00eb m\u00ebnyr\u00eb indirekte. Ka folur edhe p\u00ebr ekzekutime, ku ka dh\u00ebn\u00eb akuza direkte. Vet\u00eb rezulton t\u00eb jet\u00eb i p\u00ebrfshir\u00eb n\u00eb 10 vrasje. N\u00eb vrasjen e v\u00ebllait t\u00eb Talo \u00c7el\u00ebs, ai thot\u00eb se ka shkuar vet\u00eb me dy bashk\u00ebpun\u00ebtor\u00eb dhe donte ta vriste vet\u00eb me duart e tij, me pistolet\u00ebn q\u00eb i kishte dh\u00ebn\u00eb vet\u00eb Talo Cela, por pistoleta nuk i ka shkrepur.<\/p>\n<p>Ato q\u00eb thot\u00eb Nuredin Dumani, p\u00ebrkojn\u00eb kat\u00ebrcip\u00ebrisht me pamjet filmike t\u00eb k\u00ebsaj vrasjeje. Ka folur dhe p\u00ebr vrasjen e v\u00ebllez\u00ebrve Haxhiaj, ku ka qen\u00eb pjes\u00ebmarr\u00ebs vet\u00eb. Ka ngjarje, ku nuk ka qen\u00eb n\u00eb rolin e ekzekutorit, por t\u00eb organizatorit. Un\u00eb e shikoj at\u00eb si nj\u00eb \u00e7el\u00ebs, sepse ai flet p\u00ebr ngjarje kriminale q\u00eb kan\u00eb ndodhur n\u00eb Elbasan, Durr\u00ebs, Lezh\u00eb, Shkod\u00ebr. Ne kemi dosje hetimore q\u00eb jan\u00eb konkrete. Prokuroria ka t\u00ebrhequr 20 dosje nga prokurorit\u00eb e rretheve, sepse p\u00ebrkojn\u00eb me k\u00ebt\u00eb ngjarje. I penduar \u00ebsht\u00eb edhe bashk\u00ebpun\u00ebtori i tij. P\u00ebr vrasjen e Elton Kiles, aty ku Dumani shkoi t\u00eb b\u00ebnte atentatin e fundit dhe mbeti i plagosur, jep dy emra se nga e ka marr\u00eb porosin\u00eb. N\u00eb dijenin\u00eb time, SPAK e ka ripyetur n\u00eb drit\u00ebn e fakteve t\u00eb reja. SPAK do duhet t\u00eb tregoj\u00eb integritetin e vet si institucion, pik\u00ebrisht aty ku preket politika. S\u00eb pari, do duhet t\u00eb mos intimidohet, t\u00eb kryej\u00eb hetime t\u00eb thelluara.<\/p>\n<p>Nuk mendoj se do t\u00eb ndodh\u00eb, q\u00eb Dumani t\u00eb nxjerr\u00eb emra, sepse ligji thot\u00eb se d\u00ebshmia duhet t\u00eb jet\u00eb e shoq\u00ebruar me prova t\u00eb tjera. Nuk mund t\u00eb flas\u00eb n\u00eb aj\u00ebr. D\u00ebshmia e tij do duhet t\u00eb p\u00ebrputhet minimalisht me nj\u00eb t\u00eb dh\u00ebn\u00eb tjet\u00ebr. Nuk \u00ebsht\u00eb e leht\u00eb t\u00eb manipulohet nj\u00eb d\u00ebshmitar, sepse nj\u00eb d\u00ebshmi e vetme nuk ka vler\u00eb para ligjit.<\/p>","protected":false},"excerpt":{"rendered":"<p>Gazetarja Klodiana Lala ka analizuar d\u00ebshmit\u00eb e t\u00eb penduarit t\u00eb drejt\u00ebsis\u00eb, Nuredin Dumani. Lala tha se Dumani nuk mund t\u00eb nxjerr\u00eb emra politikan\u00ebsh, pasi sipas saj, \u201cligji thot\u00eb se d\u00ebshmia duhet t\u00eb jet\u00eb e shoq\u00ebruar me prova t\u00eb tjera. Nuk mund t\u00eb flas\u00eb n\u00eb aj\u00ebr. D\u00ebshmia e tij do duhet t\u00eb p\u00ebrputhet minimalisht me nj\u00eb [&hellip;]<\/p>\n","protected":false},"author":2030,"featured_media":263212,"comment_status":"closed","ping_status":"closed","sticky":false,"template":"","format":"standard","meta":{"footnotes":""},"categories":[241,3366,5380,231,1454],"tags":[],"class_list":{"0":"post-263211","1":"post","2":"type-post","3":"status-publish","4":"format-standard","5":"has-post-thumbnail","7":"category-aktualitet","8":"category-koment","9":"category-kryesore","10":"category-lajme","11":"category-politike"},"_links":{"self":[{"href":"https:\/\/zjarr.tv\/en\/wp-json\/wp\/v2\/posts\/263211","targetHints":{"allow":["GET"]}}],"collection":[{"href":"https:\/\/zjarr.tv\/en\/wp-json\/wp\/v2\/posts"}],"about":[{"href":"https:\/\/zjarr.tv\/en\/wp-json\/wp\/v2\/types\/post"}],"author":[{"embeddable":true,"href":"https:\/\/zjarr.tv\/en\/wp-json\/wp\/v2\/users\/2030"}],"replies":[{"embeddable":true,"href":"https:\/\/zjarr.tv\/en\/wp-json\/wp\/v2\/comments?post=263211"}],"version-history":[{"count":0,"href":"https:\/\/zjarr.tv\/en\/wp-json\/wp\/v2\/posts\/263211\/revisions"}],"wp:featuredmedia":[{"embeddable":true,"href":"https:\/\/zjarr.tv\/en\/wp-json\/wp\/v2\/media\/263212"}],"wp:attachment":[{"href":"https:\/\/zjarr.tv\/en\/wp-json\/wp\/v2\/media?parent=263211"}],"wp:term":[{"taxonomy":"category","embeddable":true,"href":"https:\/\/zjarr.tv\/en\/wp-json\/wp\/v2\/categories?post=263211"},{"taxonomy":"post_tag","embeddable":true,"href":"https:\/\/zjarr.tv\/en\/wp-json\/wp\/v2\/tags?post=263211"}],"curies":[{"name":"wp","href":"https:\/\/api.w.org\/{rel}","templated":true}]}}