{"id":263215,"date":"2022-06-06T15:24:21","date_gmt":"2022-06-06T13:24:21","guid":{"rendered":"https:\/\/zjarr.tv\/?p=263215"},"modified":"2022-06-06T15:24:21","modified_gmt":"2022-06-06T13:24:21","slug":"i-ka-futur-te-dridhurat-politikes-klodiana-lala-paralajmeron-termet-zbulon-arsyen-e-forte-pse-nuredin-dumani-vendosi-te-rrefente-krimet","status":"publish","type":"post","link":"https:\/\/zjarr.tv\/en\/i-ka-futur-te-dridhurat-politikes-klodiana-lala-paralajmeron-termet-zbulon-arsyen-e-forte-pse-nuredin-dumani-vendosi-te-rrefente-krimet\/","title":{"rendered":"\u201cI ka futur t\u00eb dridhurat politik\u00ebs\u201d, Klodiana Lala paralajm\u00ebron \u2018t\u00ebrmet\u2019, zbulon arsyen e fort\u00eb pse Nuredin Dumani vendosi t\u00eb rr\u00ebfente krimet"},"content":{"rendered":"<p>Gazetarja e njohur ka dh\u00ebn\u00eb arsyen pse Nuredin Dumani vendosi t\u00eb bashk\u00ebpunonte me drejt\u00ebsin\u00eb.<\/p>\n<p>Klodiana Lala u shpreh se Dumani u rr\u00ebfye sepse kuptoi q\u00eb ishte tradhtuar. M\u00eb tej Lala tha se Dumani mund t\u00eb shk\u00ebpus\u00eb lidhjet e krimit me politik\u00ebn.<\/p>\n<p>\u201cN\u00ebse SPAK punon me profesionaliz\u00ebm, kemi nj\u00eb rast konkret q\u00eb mund t\u00eb shk\u00ebpus\u00eb lidhjet e krimit me politik\u00ebn. Dumani i ka futur t\u00eb dridhurat krimit dhe politik\u00ebs. Kishte bashk\u00ebpunuar me 8 grupe kriminale. Deri tani rezulton i besuesh\u00ebm\u201d, tha Lala duke shtuar se atij i rrezikohet jeta dhe familja.<\/p>","protected":false},"excerpt":{"rendered":"<p>Gazetarja e njohur ka dh\u00ebn\u00eb arsyen pse Nuredin Dumani vendosi t\u00eb bashk\u00ebpunonte me drejt\u00ebsin\u00eb. Klodiana Lala u shpreh se Dumani u rr\u00ebfye sepse kuptoi q\u00eb ishte tradhtuar. M\u00eb tej Lala tha se Dumani mund t\u00eb shk\u00ebpus\u00eb lidhjet e krimit me politik\u00ebn. \u201cN\u00ebse SPAK punon me profesionaliz\u00ebm, kemi nj\u00eb rast konkret q\u00eb mund t\u00eb shk\u00ebpus\u00eb lidhjet [&hellip;]<\/p>\n","protected":false},"author":2030,"featured_media":263217,"comment_status":"closed","ping_status":"closed","sticky":false,"template":"","format":"standard","meta":{"footnotes":""},"categories":[241,3366,5380,231,1454],"tags":[],"class_list":{"0":"post-263215","1":"post","2":"type-post","3":"status-publish","4":"format-standard","5":"has-post-thumbnail","7":"category-aktualitet","8":"category-koment","9":"category-kryesore","10":"category-lajme","11":"category-politike"},"_links":{"self":[{"href":"https:\/\/zjarr.tv\/en\/wp-json\/wp\/v2\/posts\/263215","targetHints":{"allow":["GET"]}}],"collection":[{"href":"https:\/\/zjarr.tv\/en\/wp-json\/wp\/v2\/posts"}],"about":[{"href":"https:\/\/zjarr.tv\/en\/wp-json\/wp\/v2\/types\/post"}],"author":[{"embeddable":true,"href":"https:\/\/zjarr.tv\/en\/wp-json\/wp\/v2\/users\/2030"}],"replies":[{"embeddable":true,"href":"https:\/\/zjarr.tv\/en\/wp-json\/wp\/v2\/comments?post=263215"}],"version-history":[{"count":0,"href":"https:\/\/zjarr.tv\/en\/wp-json\/wp\/v2\/posts\/263215\/revisions"}],"wp:featuredmedia":[{"embeddable":true,"href":"https:\/\/zjarr.tv\/en\/wp-json\/wp\/v2\/media\/263217"}],"wp:attachment":[{"href":"https:\/\/zjarr.tv\/en\/wp-json\/wp\/v2\/media?parent=263215"}],"wp:term":[{"taxonomy":"category","embeddable":true,"href":"https:\/\/zjarr.tv\/en\/wp-json\/wp\/v2\/categories?post=263215"},{"taxonomy":"post_tag","embeddable":true,"href":"https:\/\/zjarr.tv\/en\/wp-json\/wp\/v2\/tags?post=263215"}],"curies":[{"name":"wp","href":"https:\/\/api.w.org\/{rel}","templated":true}]}}