{"id":263216,"date":"2022-06-06T15:27:53","date_gmt":"2022-06-06T13:27:53","guid":{"rendered":"https:\/\/zjarr.tv\/?p=263216"},"modified":"2022-06-06T15:27:53","modified_gmt":"2022-06-06T13:27:53","slug":"me-airpod-ne-vesh-dhe-syze-1800-euro-gazetarja-cako-sodit-nga-lart-zjarrin-masiv-ne-ishullin-e-sazanit-ushtaret-dhe-zjarrfikesit-me-lopate","status":"publish","type":"post","link":"https:\/\/zjarr.tv\/en\/me-airpod-ne-vesh-dhe-syze-1800-euro-gazetarja-cako-sodit-nga-lart-zjarrin-masiv-ne-ishullin-e-sazanit-ushtaret-dhe-zjarrfikesit-me-lopate\/","title":{"rendered":"\u201cMe airpod n\u00eb vesh dhe syze 1800 euro\u201d\/ Gazetarja: \u00c7ako \u201csodit\u201d nga lart zjarrin masiv n\u00eb ishullin e Sazanit, ushtar\u00ebt dhe zjarrfik\u00ebsit me lopat\u00eb\u2026"},"content":{"rendered":"<p>Gazetarja e \u201cFax News\u201d Afrovita Hysaj ka ndar\u00eb nj\u00eb foto t\u00eb kreut t\u00eb Emergjencave Civile Haki \u00c7ako, i cili n\u00eb situat\u00ebn alarmante me zjarrin n\u00eb Sazan e \u2018v\u00ebzhgon\u2019 nga lart me helikopter, nd\u00ebrkoh\u00eb q\u00eb flak\u00ebt nuk jan\u00eb v\u00ebn\u00eb ende n\u00ebn kontroll.<\/p>\n<p>Hysaj shkruan se zjarrfik\u00ebsit dhe ushtar\u00ebt po p\u00ebrballen me flak\u00ebt me nj\u00eb lopat\u00eb n\u00eb krah, nd\u00ebrsa \u00c7ako sodit ishullin e Sazanit nga ajri.<\/p>\n<p>Ja postimi i plot\u00eb:<\/p>\n<p>\u00c7ako b\u00ebn xhiro nga ajri me helikopter p\u00ebr t\u00eb par\u00eb zjarret n\u00eb Sazan. Helikopter p\u00ebr shuarjen e zjarreve nd\u00ebrkoh\u00eb nuk ka. Me air pod n\u00eb vesh q\u00eb mos t\u00eb shqet\u00ebsohet nga zhurmat e helikave t\u00eb helikopterit dhe me syze cartier flori 1800 euro.<\/p>\n<p>Nd\u00ebrkoh\u00eb ushtar\u00ebt dhe zjarrfik\u00ebsit posht\u00eb tij mes flak\u00ebve mbajn\u00eb n\u00eb krah nj\u00eb lopat\u00eb e nj\u00eb deg\u00eb pishe p\u00ebr t\u00eb fikur flak\u00ebt.<\/p>\n<p>Posht\u00eb \u00c7akos jan\u00eb forcat zjarrfik\u00ebse me mosh\u00eb mesatare 60 vje\u00e7. E \u00c7ako nga ajri i sodit e del n\u00eb konkluzionin se zjarret jan\u00eb n\u00ebn kontroll. Ah mjer\u00eb ky vend. Ik o \u00c7ako se do t\u00eb t\u00eb vonohet orari drek\u00ebs ik\u2026 dhe mos shiko shum\u00eb posht\u00eb se do t\u00eb t\u00eb trazohet stomaku.<\/p>","protected":false},"excerpt":{"rendered":"<p>Gazetarja e \u201cFax News\u201d Afrovita Hysaj ka ndar\u00eb nj\u00eb foto t\u00eb kreut t\u00eb Emergjencave Civile Haki \u00c7ako, i cili n\u00eb situat\u00ebn alarmante me zjarrin n\u00eb Sazan e \u2018v\u00ebzhgon\u2019 nga lart me helikopter, nd\u00ebrkoh\u00eb q\u00eb flak\u00ebt nuk jan\u00eb v\u00ebn\u00eb ende n\u00ebn kontroll. Hysaj shkruan se zjarrfik\u00ebsit dhe ushtar\u00ebt po p\u00ebrballen me flak\u00ebt me nj\u00eb lopat\u00eb n\u00eb [&hellip;]<\/p>\n","protected":false},"author":2020,"featured_media":263221,"comment_status":"closed","ping_status":"closed","sticky":false,"template":"","format":"standard","meta":{"footnotes":""},"categories":[241,5380,231],"tags":[],"class_list":{"0":"post-263216","1":"post","2":"type-post","3":"status-publish","4":"format-standard","5":"has-post-thumbnail","7":"category-aktualitet","8":"category-kryesore","9":"category-lajme"},"_links":{"self":[{"href":"https:\/\/zjarr.tv\/en\/wp-json\/wp\/v2\/posts\/263216","targetHints":{"allow":["GET"]}}],"collection":[{"href":"https:\/\/zjarr.tv\/en\/wp-json\/wp\/v2\/posts"}],"about":[{"href":"https:\/\/zjarr.tv\/en\/wp-json\/wp\/v2\/types\/post"}],"author":[{"embeddable":true,"href":"https:\/\/zjarr.tv\/en\/wp-json\/wp\/v2\/users\/2020"}],"replies":[{"embeddable":true,"href":"https:\/\/zjarr.tv\/en\/wp-json\/wp\/v2\/comments?post=263216"}],"version-history":[{"count":0,"href":"https:\/\/zjarr.tv\/en\/wp-json\/wp\/v2\/posts\/263216\/revisions"}],"wp:featuredmedia":[{"embeddable":true,"href":"https:\/\/zjarr.tv\/en\/wp-json\/wp\/v2\/media\/263221"}],"wp:attachment":[{"href":"https:\/\/zjarr.tv\/en\/wp-json\/wp\/v2\/media?parent=263216"}],"wp:term":[{"taxonomy":"category","embeddable":true,"href":"https:\/\/zjarr.tv\/en\/wp-json\/wp\/v2\/categories?post=263216"},{"taxonomy":"post_tag","embeddable":true,"href":"https:\/\/zjarr.tv\/en\/wp-json\/wp\/v2\/tags?post=263216"}],"curies":[{"name":"wp","href":"https:\/\/api.w.org\/{rel}","templated":true}]}}