{"id":263220,"date":"2022-06-06T15:26:55","date_gmt":"2022-06-06T13:26:55","guid":{"rendered":"https:\/\/zjarr.tv\/?p=263220"},"modified":"2022-06-06T15:26:55","modified_gmt":"2022-06-06T13:26:55","slug":"synoi-te-kandidonte-elena-kocaqi-e-zhgenyer-emri-i-presidentit-u-mbajt-sekret-deri-ne-momentin-e-fundit-ja-ku-gaboi-opozita","status":"publish","type":"post","link":"https:\/\/zjarr.tv\/en\/synoi-te-kandidonte-elena-kocaqi-e-zhgenyer-emri-i-presidentit-u-mbajt-sekret-deri-ne-momentin-e-fundit-ja-ku-gaboi-opozita\/","title":{"rendered":"Synoi t\u00eb kandidonte, Elena Kocaqi e zhg\u00ebnyer: Emri i presidentit u mbajt sekret deri n\u00eb momentin e fundit, ja ku gaboi opozita"},"content":{"rendered":"<p>Dit\u00ebn e sotme n\u00eb emisionin \u201cShqip\u00ebria Live\u201d\u00a0 u diskutua zgjedhja e Bajram Begajt si president i Shqip\u00ebris\u00eb. E ftuar n\u00eb studio ishte pedagogia, Elena Kocaqi, e cila u p\u00ebrmend n\u00eb emrat p\u00ebr presidentin e ri t\u00eb vendit.<\/p>\n<p>Sipas saj, presidenti i ri \u201c\u00ebsht\u00eb personal i Ram\u00ebs\u201d, pasi emri i tij u mbajt sekret q\u00eb n\u00eb momentin e fundit.<\/p>\n<p>\u201cDuhet q\u00eb Partia Demokratike t\u00eb kishte th\u00ebn\u00eb dy emra p\u00ebr kandidatur\u00eb. Publiku duhet t\u00eb dinte shkoll\u00ebn, din\u00eb apo jo t\u00eb flasin. Kjo \u00ebsht\u00eb munges\u00eb demokracie. Nuk u hodh\u00ebn emrat n\u00eb publik. Presidenti \u00ebsht\u00eb i shqiptar\u00ebve, vendimi i tyre \u00ebsht\u00eb m\u00eb i r\u00ebnd\u00ebsish\u00ebm se sa i kryeministrit. Rama merr nj\u00eb vendim politik\u201d, tha Kocaqi.<\/p>\n<p>Sipas saj, opozita ka nj\u00eb faj n\u00eb k\u00ebt\u00eb proces t\u00eb zgjedhjes s\u00eb presidentit.<\/p>\n<p>\u201cEdhe pse nuk kishte firmat, mund t\u00eb nxirrte nj\u00eb liste me figura publik\u00eb, jurist\u00eb etj. T\u00eb guxonte maxhoranca t\u00eb mos p\u00ebrzgjidhte dik\u00eb t\u00eb mir\u00eb. Opozita nuk e vendosi p\u00ebrpara p\u00ebrgjegj\u00ebsis\u00eb\u201d, tha pedagogia.<\/p>","protected":false},"excerpt":{"rendered":"<p>Dit\u00ebn e sotme n\u00eb emisionin \u201cShqip\u00ebria Live\u201d\u00a0 u diskutua zgjedhja e Bajram Begajt si president i Shqip\u00ebris\u00eb. E ftuar n\u00eb studio ishte pedagogia, Elena Kocaqi, e cila u p\u00ebrmend n\u00eb emrat p\u00ebr presidentin e ri t\u00eb vendit. Sipas saj, presidenti i ri \u201c\u00ebsht\u00eb personal i Ram\u00ebs\u201d, pasi emri i tij u mbajt sekret q\u00eb n\u00eb [&hellip;]<\/p>\n","protected":false},"author":2030,"featured_media":263222,"comment_status":"closed","ping_status":"closed","sticky":false,"template":"","format":"standard","meta":{"footnotes":""},"categories":[241,3366,5380,231],"tags":[],"class_list":{"0":"post-263220","1":"post","2":"type-post","3":"status-publish","4":"format-standard","5":"has-post-thumbnail","7":"category-aktualitet","8":"category-koment","9":"category-kryesore","10":"category-lajme"},"_links":{"self":[{"href":"https:\/\/zjarr.tv\/en\/wp-json\/wp\/v2\/posts\/263220","targetHints":{"allow":["GET"]}}],"collection":[{"href":"https:\/\/zjarr.tv\/en\/wp-json\/wp\/v2\/posts"}],"about":[{"href":"https:\/\/zjarr.tv\/en\/wp-json\/wp\/v2\/types\/post"}],"author":[{"embeddable":true,"href":"https:\/\/zjarr.tv\/en\/wp-json\/wp\/v2\/users\/2030"}],"replies":[{"embeddable":true,"href":"https:\/\/zjarr.tv\/en\/wp-json\/wp\/v2\/comments?post=263220"}],"version-history":[{"count":0,"href":"https:\/\/zjarr.tv\/en\/wp-json\/wp\/v2\/posts\/263220\/revisions"}],"wp:featuredmedia":[{"embeddable":true,"href":"https:\/\/zjarr.tv\/en\/wp-json\/wp\/v2\/media\/263222"}],"wp:attachment":[{"href":"https:\/\/zjarr.tv\/en\/wp-json\/wp\/v2\/media?parent=263220"}],"wp:term":[{"taxonomy":"category","embeddable":true,"href":"https:\/\/zjarr.tv\/en\/wp-json\/wp\/v2\/categories?post=263220"},{"taxonomy":"post_tag","embeddable":true,"href":"https:\/\/zjarr.tv\/en\/wp-json\/wp\/v2\/tags?post=263220"}],"curies":[{"name":"wp","href":"https:\/\/api.w.org\/{rel}","templated":true}]}}