{"id":263273,"date":"2022-06-07T07:45:59","date_gmt":"2022-06-07T05:45:59","guid":{"rendered":"https:\/\/zjarr.tv\/?p=263273"},"modified":"2022-06-07T07:45:59","modified_gmt":"2022-06-07T05:45:59","slug":"ka-porositur-vrasjen-e-vellait-te-deputetit-reagon-per-here-te-pare-meta-nuk-merrem-me-tellallet-e-rilindjes-durim-bami-dhe-hasani-kete-pune-kane","status":"publish","type":"post","link":"https:\/\/zjarr.tv\/en\/ka-porositur-vrasjen-e-vellait-te-deputetit-reagon-per-here-te-pare-meta-nuk-merrem-me-tellallet-e-rilindjes-durim-bami-dhe-hasani-kete-pune-kane\/","title":{"rendered":"\u201cKa porositur vrasjen e v\u00ebllait t\u00eb deputetit\u201d, REAGON p\u00ebr her\u00eb t\u00eb par\u00eb META: Nuk merrem me tellall\u00ebt e Rilindjes, Durim Bami dhe Hasani k\u00ebt\u00eb pun\u00eb kan\u00eb"},"content":{"rendered":"<p>Presidenti Ilir Meta ka reaguar p\u00ebr her\u00eb t\u00eb par\u00eb pas deklarat\u00ebs s\u00eb gazetarit Artan Hoxha, se vras\u00ebsi i penduar Nuredin Dumani ka th\u00ebn\u00eb se Meta ka porositur vrasjen e v\u00ebllait t\u00eb deputetit t\u00eb PS-s\u00eb.<\/p>\n<p>Meta i hodhi posht\u00eb deklaratat duke th\u00ebn\u00eb se nuk merret me \u201ctellall\u00ebt e Rilindjes\u201d si Durim Bami apo Hasan Hasani.<\/p>\n<p>\u201cNuk jam k\u00ebtu p\u00ebr t\u2019u marr\u00eb me tellall\u00ebt e Rilindjes. K\u00ebt\u00eb pun\u00eb kan\u00eb nga Durim Bami te Hasan Hasani. Un\u00eb jam k\u00ebtu dhe do t\u00eb jem gjithmon\u00eb k\u00ebtu, n\u00eb Tiran\u00eb, n\u00eb Shqip\u00ebri, midis jush. Por kush shqet\u00ebsohet nga 25 Korriku \u00ebsht\u00eb n\u00eb hallin e vet\u00eb, por 25-a do vij\u00eb dhe 26-a\u201d, u shpreh Meta.<\/p>","protected":false},"excerpt":{"rendered":"<p>Presidenti Ilir Meta ka reaguar p\u00ebr her\u00eb t\u00eb par\u00eb pas deklarat\u00ebs s\u00eb gazetarit Artan Hoxha, se vras\u00ebsi i penduar Nuredin Dumani ka th\u00ebn\u00eb se Meta ka porositur vrasjen e v\u00ebllait t\u00eb deputetit t\u00eb PS-s\u00eb. Meta i hodhi posht\u00eb deklaratat duke th\u00ebn\u00eb se nuk merret me \u201ctellall\u00ebt e Rilindjes\u201d si Durim Bami apo Hasan Hasani. \u201cNuk [&hellip;]<\/p>\n","protected":false},"author":2031,"featured_media":177904,"comment_status":"closed","ping_status":"closed","sticky":false,"template":"","format":"standard","meta":{"footnotes":""},"categories":[241,231,235],"tags":[],"class_list":{"0":"post-263273","1":"post","2":"type-post","3":"status-publish","4":"format-standard","5":"has-post-thumbnail","7":"category-aktualitet","8":"category-lajme","9":"category-vendi"},"_links":{"self":[{"href":"https:\/\/zjarr.tv\/en\/wp-json\/wp\/v2\/posts\/263273","targetHints":{"allow":["GET"]}}],"collection":[{"href":"https:\/\/zjarr.tv\/en\/wp-json\/wp\/v2\/posts"}],"about":[{"href":"https:\/\/zjarr.tv\/en\/wp-json\/wp\/v2\/types\/post"}],"author":[{"embeddable":true,"href":"https:\/\/zjarr.tv\/en\/wp-json\/wp\/v2\/users\/2031"}],"replies":[{"embeddable":true,"href":"https:\/\/zjarr.tv\/en\/wp-json\/wp\/v2\/comments?post=263273"}],"version-history":[{"count":0,"href":"https:\/\/zjarr.tv\/en\/wp-json\/wp\/v2\/posts\/263273\/revisions"}],"wp:featuredmedia":[{"embeddable":true,"href":"https:\/\/zjarr.tv\/en\/wp-json\/wp\/v2\/media\/177904"}],"wp:attachment":[{"href":"https:\/\/zjarr.tv\/en\/wp-json\/wp\/v2\/media?parent=263273"}],"wp:term":[{"taxonomy":"category","embeddable":true,"href":"https:\/\/zjarr.tv\/en\/wp-json\/wp\/v2\/categories?post=263273"},{"taxonomy":"post_tag","embeddable":true,"href":"https:\/\/zjarr.tv\/en\/wp-json\/wp\/v2\/tags?post=263273"}],"curies":[{"name":"wp","href":"https:\/\/api.w.org\/{rel}","templated":true}]}}