{"id":263357,"date":"2022-06-07T14:32:38","date_gmt":"2022-06-07T12:32:38","guid":{"rendered":"https:\/\/zjarr.tv\/?p=263357"},"modified":"2022-06-07T14:32:38","modified_gmt":"2022-06-07T12:32:38","slug":"skandali-me-drejtesine-e-re-dy-prokuroret-e-spak-vijojne-punen-pavaresisht-pezullimit-nga-detyra-si-e-shperfilli-klp-vendimin-e-gjykates","status":"publish","type":"post","link":"https:\/\/zjarr.tv\/en\/skandali-me-drejtesine-e-re-dy-prokuroret-e-spak-vijojne-punen-pavaresisht-pezullimit-nga-detyra-si-e-shperfilli-klp-vendimin-e-gjykates\/","title":{"rendered":"Skandali me drejt\u00ebsin\u00eb e \u2018re\u2019\/ Dy prokuror\u00ebt e SPAK vijojn\u00eb pun\u00ebn pavar\u00ebsisht pezullimit nga detyra, si e shp\u00ebrfilli KLP vendimin e gjykat\u00ebs"},"content":{"rendered":"<p>Alfred Shehu dhe Elvin Gogaj, t\u00eb dy prokuror\u00eb pran\u00eb SPAK edhe pse jan\u00eb pezulluar nga detyra, me vendim t\u00eb form\u00ebs s\u00eb prer\u00eb, vijojn\u00eb ende t\u00eb q\u00ebndrojn\u00eb n\u00eb pun\u00eb. Vendimi i pezullimit t\u00eb tyre nga detyra si prokuror\u00eb t\u00eb SPAK edhe pse \u00ebsht\u00eb i form\u00ebs s\u00eb prer\u00eb nuk \u00ebsht\u00eb ekzekutuar.<\/p>\n<p>Dy prokuror\u00ebt u pezulluan pas padis\u00eb s\u00eb prokurores Sonila Muhametaj. Prokuroria pretendoi p\u00ebr padrejt\u00ebsi n\u00eb procesin e vler\u00ebsimit, sidomos t\u00eb aft\u00ebsive profesionale dhe e paditi \u00e7\u00ebshtjen n\u00eb gjykat\u00ebn Administrative t\u00eb Tiran\u00ebs. Gjykata vendosi n\u00eb favor t\u00eb saj.<\/p>\n<p>N\u00eb vendim thuhet se: \u201cN\u00eb\u00a0 rastet kur gjykata pranon ankimin dhe shfuqizon vendimin e Keshillit, ky i fundit, brenda dy jav\u00e8ve nga njoftimi i vendimit gjyq\u00ebsor, rishikon vendimin e caktimit n\u00eb pozicion te te emeruarit, n\u00eb mas\u00ebn e nevojshme p\u00ebr zbatimin e vendimmarrjes s\u00eb gjykat\u00ebs\u201d.<\/p>\n<p>Por, edhe pse afatet ligjore kan\u00eb p\u00ebrfunduar, pasi k\u00ebt\u00eb t\u00eb mart\u00eb jan\u00eb plot\u00ebsuar 14 dit\u00eb nga dh\u00ebnia e vendimit, ai nuk \u00ebsht\u00eb ekzekutuar edhe pse \u00ebsht\u00eb i form\u00ebs s\u00eb prer\u00eb.<\/p>\n<p>Fax news u interesua pran\u00eb struktur\u00ebs antikorrupsion lidhur me pezullimin e dy prokor\u00ebve. Zyrtarisht SPAK u shpreh se Shehu e Gogaj, vijojn\u00eb detyr\u00ebn pran\u00eb SPAK, pasi n\u00eb k\u00ebt\u00eb institucion nuk ka vendim p\u00ebr pezullimin e tyre. Sipas SPAK k\u00ebshilli i Lart\u00eb i Prokuroris\u00eb \u00ebsht\u00eb institucioni q\u00eb em\u00ebron prokuror\u00ebt.<\/p>\n<p>N\u00eb mbledhjen e s\u00eb h\u00ebn\u00ebs, K\u00ebshilli i Lart\u00eb i Prokuroris\u00eb, b\u00ebri rekurs p\u00ebr pezullimin e vendimit ndaj dy prokuror\u00ebve, duke mos zbatuar vendimin e Apelit Administrativ p\u00ebr t\u00eb rinisur procedur\u00ebn e konkurimit p\u00ebr plot\u00ebsimin e vakancave n\u00eb SPAK.<\/p>\n<p>P\u00ebr k\u00ebt\u00eb rast K\u00ebshilli i Lart\u00eb gjyq\u00ebsor tha se gjykata i ka l\u00ebn\u00eb dy jav\u00eb koh\u00eb q\u00eb vendimi t\u00eb zbatohet. Por p\u00ebr shkak se \u00ebsht\u00eb ushtruar rekurs dhe k\u00ebrkes\u00eb p\u00ebr pezullim ekzekutimi nga Gjykata e Lart\u00eb, do pritet reagimi i Gjykat\u00ebs s\u00eb Lart\u00eb, e m\u00eb pas do vendoset p\u00ebr k\u00ebt\u00eb \u00e7\u00ebshtje duke biseduar n\u00eb k\u00ebshill.<\/p>\n<p>Por, referuar ligjit, duke qen\u00eb se afati ligjor prej 14 dit\u00ebsh ka kaluar, mos zbatimi i tij, \u00e7on n\u00eb p\u00ebrgjegj\u00ebsi penale, referuar nenit\u00a0 320 te kodit penal. Gogaj, Shehu dhe Muhametaj kandidonin p\u00ebr dy vende vakante n\u00eb SPAK. Pas shqyrtimit t\u00eb kandidaturave, KLP renditi Elvin Gokajn me 216 pik\u00eb, Alfred Shehun me 211 dhe Sonila Muhametajn me 208 pik\u00eb.<\/p>\n<p>Gjykata ia ka pranuar ankimin dhe ka theksuar se vendimi i K\u00ebshillit t\u00eb Lart\u00eb t\u00eb Prokuroris\u00eb nuk \u00ebsht\u00eb dh\u00ebn\u00eb duke ndjekur procedurat e rregullta. P\u00ebr rrjedhoj\u00eb \u00ebsht\u00eb shpallur e pavlefshme renditja e garuesve dhe em\u00ebrimi i dy prokuror\u00ebve.<\/p>","protected":false},"excerpt":{"rendered":"<p>Alfred Shehu dhe Elvin Gogaj, t\u00eb dy prokuror\u00eb pran\u00eb SPAK edhe pse jan\u00eb pezulluar nga detyra, me vendim t\u00eb form\u00ebs s\u00eb prer\u00eb, vijojn\u00eb ende t\u00eb q\u00ebndrojn\u00eb n\u00eb pun\u00eb. Vendimi i pezullimit t\u00eb tyre nga detyra si prokuror\u00eb t\u00eb SPAK edhe pse \u00ebsht\u00eb i form\u00ebs s\u00eb prer\u00eb nuk \u00ebsht\u00eb ekzekutuar. Dy prokuror\u00ebt u pezulluan pas padis\u00eb [&hellip;]<\/p>\n","protected":false},"author":2020,"featured_media":263358,"comment_status":"closed","ping_status":"closed","sticky":false,"template":"","format":"standard","meta":{"footnotes":""},"categories":[241,5380,231],"tags":[],"class_list":{"0":"post-263357","1":"post","2":"type-post","3":"status-publish","4":"format-standard","5":"has-post-thumbnail","7":"category-aktualitet","8":"category-kryesore","9":"category-lajme"},"_links":{"self":[{"href":"https:\/\/zjarr.tv\/en\/wp-json\/wp\/v2\/posts\/263357","targetHints":{"allow":["GET"]}}],"collection":[{"href":"https:\/\/zjarr.tv\/en\/wp-json\/wp\/v2\/posts"}],"about":[{"href":"https:\/\/zjarr.tv\/en\/wp-json\/wp\/v2\/types\/post"}],"author":[{"embeddable":true,"href":"https:\/\/zjarr.tv\/en\/wp-json\/wp\/v2\/users\/2020"}],"replies":[{"embeddable":true,"href":"https:\/\/zjarr.tv\/en\/wp-json\/wp\/v2\/comments?post=263357"}],"version-history":[{"count":0,"href":"https:\/\/zjarr.tv\/en\/wp-json\/wp\/v2\/posts\/263357\/revisions"}],"wp:featuredmedia":[{"embeddable":true,"href":"https:\/\/zjarr.tv\/en\/wp-json\/wp\/v2\/media\/263358"}],"wp:attachment":[{"href":"https:\/\/zjarr.tv\/en\/wp-json\/wp\/v2\/media?parent=263357"}],"wp:term":[{"taxonomy":"category","embeddable":true,"href":"https:\/\/zjarr.tv\/en\/wp-json\/wp\/v2\/categories?post=263357"},{"taxonomy":"post_tag","embeddable":true,"href":"https:\/\/zjarr.tv\/en\/wp-json\/wp\/v2\/tags?post=263357"}],"curies":[{"name":"wp","href":"https:\/\/api.w.org\/{rel}","templated":true}]}}