{"id":263434,"date":"2022-06-08T09:16:08","date_gmt":"2022-06-08T07:16:08","guid":{"rendered":"https:\/\/zjarr.tv\/?p=263434"},"modified":"2022-06-08T09:16:08","modified_gmt":"2022-06-08T07:16:08","slug":"shperthim-i-fuqishem-ne-durres-i-vendoset-tritoli-lokalit-te-noizyt","status":"publish","type":"post","link":"https:\/\/zjarr.tv\/en\/shperthim-i-fuqishem-ne-durres-i-vendoset-tritoli-lokalit-te-noizyt\/","title":{"rendered":"Shp\u00ebrthim i fuqish\u00ebm n\u00eb Durr\u00ebs, i vendoset tritoli lokalit t\u00eb Noizyt"},"content":{"rendered":"<p>Nj\u00eb sasi l\u00ebnde plas\u00ebse i \u00ebsht\u00eb vendosur lokalit n\u00eb Durr\u00ebs t\u00eb reperit t\u00eb njohur, Noizy.<\/p>\n<p>Sipas informacioneve paraprake m\u00ebsohet se shp\u00ebrthimi ka ndodhur rreth or\u00ebs 04:00 t\u00eb m\u00ebngjesit t\u00eb sot\u00ebm.<\/p>\n<p>Nga t\u00eb dh\u00ebnat e para, raportohet se nga shp\u00ebrthimi jan\u00eb d\u00ebmtuar xhamat n\u00eb t\u00eb dy katet e nd\u00ebrtes\u00ebs.<\/p>\n<p>Kujtojm\u00eb se ky shp\u00ebrthim vjen dy dit\u00eb pas sherrit t\u00eb reperit Noizy me reperin tjet\u00ebr Kleviol Ahmeti, i njohur si  \u201cCllevio Serbiano\u201d.<\/p>\n<p>Nj\u00eb video e publikuar n\u00eb media tregonte se si Noizy kishte dhunuar Cllevion i cili dit\u00ebn e djeshme b\u00ebri me dije se si pasoj\u00eb e dhun\u00ebs s\u00eb ushtruar nga reperi kishte p\u00ebsuar mpiksje gjaku n\u00eb kok\u00eb.<\/p>\n<p>N\u00eb d\u00ebshmin\u00eb e dh\u00ebn\u00eb para uniformave blu m\u00ebsohet se reperi ka th\u00ebn\u00eb se personi i vet\u00ebm q\u00eb ka armiq\u00ebsi \u00ebsht\u00eb Kleviol Ahemtaj ose i njohur ndryshe me emrin e artit \u201cCllevio Serbiano\u201d.<\/p>","protected":false},"excerpt":{"rendered":"<p>Nj\u00eb sasi l\u00ebnde plas\u00ebse i \u00ebsht\u00eb vendosur lokalit n\u00eb Durr\u00ebs t\u00eb reperit t\u00eb njohur, Noizy. Sipas informacioneve paraprake m\u00ebsohet se shp\u00ebrthimi ka ndodhur rreth or\u00ebs 04:00 t\u00eb m\u00ebngjesit t\u00eb sot\u00ebm. Nga t\u00eb dh\u00ebnat e para, raportohet se nga shp\u00ebrthimi jan\u00eb d\u00ebmtuar xhamat n\u00eb t\u00eb dy katet e nd\u00ebrtes\u00ebs. Kujtojm\u00eb se ky shp\u00ebrthim vjen dy dit\u00eb [&hellip;]<\/p>\n","protected":false},"author":2031,"featured_media":157400,"comment_status":"closed","ping_status":"closed","sticky":false,"template":"","format":"standard","meta":{"footnotes":""},"categories":[241,231,235],"tags":[],"class_list":{"0":"post-263434","1":"post","2":"type-post","3":"status-publish","4":"format-standard","5":"has-post-thumbnail","7":"category-aktualitet","8":"category-lajme","9":"category-vendi"},"_links":{"self":[{"href":"https:\/\/zjarr.tv\/en\/wp-json\/wp\/v2\/posts\/263434","targetHints":{"allow":["GET"]}}],"collection":[{"href":"https:\/\/zjarr.tv\/en\/wp-json\/wp\/v2\/posts"}],"about":[{"href":"https:\/\/zjarr.tv\/en\/wp-json\/wp\/v2\/types\/post"}],"author":[{"embeddable":true,"href":"https:\/\/zjarr.tv\/en\/wp-json\/wp\/v2\/users\/2031"}],"replies":[{"embeddable":true,"href":"https:\/\/zjarr.tv\/en\/wp-json\/wp\/v2\/comments?post=263434"}],"version-history":[{"count":0,"href":"https:\/\/zjarr.tv\/en\/wp-json\/wp\/v2\/posts\/263434\/revisions"}],"wp:featuredmedia":[{"embeddable":true,"href":"https:\/\/zjarr.tv\/en\/wp-json\/wp\/v2\/media\/157400"}],"wp:attachment":[{"href":"https:\/\/zjarr.tv\/en\/wp-json\/wp\/v2\/media?parent=263434"}],"wp:term":[{"taxonomy":"category","embeddable":true,"href":"https:\/\/zjarr.tv\/en\/wp-json\/wp\/v2\/categories?post=263434"},{"taxonomy":"post_tag","embeddable":true,"href":"https:\/\/zjarr.tv\/en\/wp-json\/wp\/v2\/tags?post=263434"}],"curies":[{"name":"wp","href":"https:\/\/api.w.org\/{rel}","templated":true}]}}