{"id":263465,"date":"2022-06-08T11:31:10","date_gmt":"2022-06-08T09:31:10","guid":{"rendered":"https:\/\/zjarr.tv\/?p=263465"},"modified":"2022-06-08T11:31:10","modified_gmt":"2022-06-08T09:31:10","slug":"meta-pret-te-derguarin-e-posacem-te-johnson-diskutuam-te-ardhmen-e-vendit-dhe-stabilitetin-e-rajonit","status":"publish","type":"post","link":"https:\/\/zjarr.tv\/en\/meta-pret-te-derguarin-e-posacem-te-johnson-diskutuam-te-ardhmen-e-vendit-dhe-stabilitetin-e-rajonit\/","title":{"rendered":"Meta pret t\u00eb d\u00ebrguarin e posa\u00e7\u00ebm t\u00eb Johnson: Diskutuam t\u00eb ardhmen e vendit dhe stabilitetin e rajonit"},"content":{"rendered":"<p>Nga Ilir Meta<\/p>\n<p>K\u00ebnaq\u00ebsi e ve\u00e7ant\u00eb t\u00eb prisja n\u00eb takim Sir Stuart Peach, i D\u00ebrguari i Posa\u00e7\u00ebm i Kryeministrit t\u00eb Britanis\u00eb Johnson p\u00ebr Ballkanin Per\u00ebndimor, me t\u00eb cilin festuam s\u00eb bashku edhe 70-vjetorin e kuror\u00ebzimit t\u00eb Madh\u00ebris\u00eb s\u00eb saj Elizabeta II.<\/p>\n<p>Diskutuam p\u00ebr r\u00ebnd\u00ebsin\u00eb e negociatave t\u00eb Shqip\u00ebris\u00eb n\u00eb Bashkimin Europian dhe pesh\u00ebn e k\u00ebtij akti p\u00ebr popullin shqiptar dhe t\u00eb ardhmen e vendit.<\/p>\n<p>Forcimi i stabilitetit n\u00eb rajonit ton\u00eb sidomos pas luft\u00ebs n\u00eb Ukrain\u00eb ishin n\u00eb qend\u00ebr t\u00eb bised\u00ebs.<\/p>\n<p>E falenderova Gjeneralin Peach, p\u00ebr angazhimin e tij n\u00eb rajonin ton\u00eb dhe i k\u00ebrkova q\u00eb v\u00ebmendja dhe nismat e Britanis\u00eb s\u00eb Madhe p\u00ebr ruajtjen e stabilitetit, forcimin e demokracis\u00eb dhe integrimin n\u00eb rajonin ton\u00eb, t\u00eb shtohen edhe m\u00eb shum\u00eb n\u00eb t\u00eb ardhmen.<\/p>","protected":false},"excerpt":{"rendered":"<p>Nga Ilir Meta K\u00ebnaq\u00ebsi e ve\u00e7ant\u00eb t\u00eb prisja n\u00eb takim Sir Stuart Peach, i D\u00ebrguari i Posa\u00e7\u00ebm i Kryeministrit t\u00eb Britanis\u00eb Johnson p\u00ebr Ballkanin Per\u00ebndimor, me t\u00eb cilin festuam s\u00eb bashku edhe 70-vjetorin e kuror\u00ebzimit t\u00eb Madh\u00ebris\u00eb s\u00eb saj Elizabeta II. Diskutuam p\u00ebr r\u00ebnd\u00ebsin\u00eb e negociatave t\u00eb Shqip\u00ebris\u00eb n\u00eb Bashkimin Europian dhe pesh\u00ebn e k\u00ebtij [&hellip;]<\/p>\n","protected":false},"author":2031,"featured_media":263466,"comment_status":"closed","ping_status":"closed","sticky":false,"template":"","format":"standard","meta":{"footnotes":""},"categories":[241,231,235],"tags":[],"class_list":{"0":"post-263465","1":"post","2":"type-post","3":"status-publish","4":"format-standard","5":"has-post-thumbnail","7":"category-aktualitet","8":"category-lajme","9":"category-vendi"},"_links":{"self":[{"href":"https:\/\/zjarr.tv\/en\/wp-json\/wp\/v2\/posts\/263465","targetHints":{"allow":["GET"]}}],"collection":[{"href":"https:\/\/zjarr.tv\/en\/wp-json\/wp\/v2\/posts"}],"about":[{"href":"https:\/\/zjarr.tv\/en\/wp-json\/wp\/v2\/types\/post"}],"author":[{"embeddable":true,"href":"https:\/\/zjarr.tv\/en\/wp-json\/wp\/v2\/users\/2031"}],"replies":[{"embeddable":true,"href":"https:\/\/zjarr.tv\/en\/wp-json\/wp\/v2\/comments?post=263465"}],"version-history":[{"count":0,"href":"https:\/\/zjarr.tv\/en\/wp-json\/wp\/v2\/posts\/263465\/revisions"}],"wp:featuredmedia":[{"embeddable":true,"href":"https:\/\/zjarr.tv\/en\/wp-json\/wp\/v2\/media\/263466"}],"wp:attachment":[{"href":"https:\/\/zjarr.tv\/en\/wp-json\/wp\/v2\/media?parent=263465"}],"wp:term":[{"taxonomy":"category","embeddable":true,"href":"https:\/\/zjarr.tv\/en\/wp-json\/wp\/v2\/categories?post=263465"},{"taxonomy":"post_tag","embeddable":true,"href":"https:\/\/zjarr.tv\/en\/wp-json\/wp\/v2\/tags?post=263465"}],"curies":[{"name":"wp","href":"https:\/\/api.w.org\/{rel}","templated":true}]}}