{"id":263477,"date":"2022-06-08T11:50:46","date_gmt":"2022-06-08T09:50:46","guid":{"rendered":"https:\/\/zjarr.tv\/?p=263477"},"modified":"2022-06-08T11:50:46","modified_gmt":"2022-06-08T09:50:46","slug":"gjykata-i-jep-dinamike-telenoveles-pd-ndryshohet-relatori-ne-apelin-e-tiranes","status":"publish","type":"post","link":"https:\/\/zjarr.tv\/en\/gjykata-i-jep-dinamike-telenoveles-pd-ndryshohet-relatori-ne-apelin-e-tiranes\/","title":{"rendered":"Gjykata i jep dinamik\u00eb \u2018telenovel\u00ebs PD\u2019, ndryshohet relatori n\u00eb Apelin e Tiran\u00ebs"},"content":{"rendered":"<p>Gjykata e Apelit t\u00eb Tiran\u00ebs, ka vendosur t\u00eb ndryshoj\u00eb relatorin p\u00ebr \u00e7\u00ebshtjen e statutit t\u00eb Partis\u00eb Demokratike, ku pas shortit \u00ebsht\u00eb vendosur q\u00eb t\u00eb jet\u00eb gjyqtarja Irida Kacerja.<\/p>\n<p>Duke marr\u00eb parasysh interesimin e shtuar t\u00eb mediave, shtypit t\u00eb shkruar dhe atij on line, si edhe n\u00eb<\/p>\n<p>p\u00ebrgjith\u00ebsi opinionit publik, jeni informuar se :<\/p>\n<p>N\u00eb Gjykat\u00ebn e Rrethit Gjyq\u00ebsor Tiran\u00eb u shqyrtua k\u00ebrkesa me Nr. 214 Akti, dat\u00eb 13.12.2021, me<\/p>\n<p>k\u00ebrkuese: Partia Demokratike e Shqip\u00ebris\u00eb, p\u00ebrfaq\u00ebsuar nga Sekretari i P\u00ebrgjithsh\u00ebm z. Gazment<\/p>\n<p>Bardhi; me objekt: Pasqyrimin e ndryshimeve t\u00eb Statutit t\u00eb Partis\u00eb Demokratike t\u00eb Shqip\u00ebris\u00eb dhe t\u00eb organeve t\u00eb reja t\u00eb zgjedhura n\u00eb Kuvendin Komb\u00ebtar t\u00eb dat\u00ebs 17.7.2021, e gjykuar nga gjyqtare<\/p>\n<p>znj. Blerina Mu\u00e7a, p\u00ebr t\u00eb cil\u00ebn kjo gjykat\u00eb ka dh\u00ebn\u00eb vendimin nr. 2, dat\u00eb 18.03.2022 dhe ka<\/p>\n<p>vendosur: \u201c1. Pranimin e kerkeses se pales kerkuese Partia Domokratike e Shqiperise. 2.<\/p>\n<p>Depozitimin e satutit dhe vendimeve te dala nga Kuvendi Kombetar i Partise Demokartike te Shqiperise e dates 17.07.2021. 3. Kunder ketij vendimi mund te behet ankim sipas ligjit.\u201d<\/p>\n<p>Kund\u00ebr k\u00ebtij vendimi ka paraqitur ankim vet\u00eb pala k\u00ebrkuese Partia Demokratike e Shqip\u00ebris\u00eb.<\/p>\n<p>N\u00eb dat\u00ebn 12.04.2022, \u00ebsht\u00eb d\u00ebrguar nga Gjykata e Rrethit Gjyq\u00ebsor Tiran\u00eb, pran\u00eb Gjykat\u00ebs s\u00eb Apelit Tiran\u00eb ankimi i m\u00ebsip\u00ebrm dhe n\u00eb baz\u00eb t\u00eb shortit elektronik relator i c\u00ebshtjes, \u00ebsht\u00eb caktuar<\/p>\n<p>Gjyqtar Genti Shala.<\/p>\n<p>N\u00eb vijim t\u00eb komunikimit me median dhe publikun ju informojm\u00eb se :<\/p>\n<p>N\u00eb baz\u00eb t\u00eb vendimit nr.7, dat\u00eb 01.06.2022, t\u00eb K\u00ebshillit t\u00eb Gjykat\u00ebs s\u00eb Apelit Tiran\u00eb \u201cP\u00ebr rindarjen<\/p>\n<p>me short t\u00eb c\u00ebshtjeve gjyq\u00ebsore\u201d, n\u00eb kushtet e caktimit rishtazi (ngritjen n\u00eb detyr\u00eb) n\u00eb k\u00ebt\u00eb Gjykat\u00eb<\/p>\n<p>t\u00eb kat\u00ebr gjyqtar\u00ebve,znj. Elona Mihali, znj. Irida Kacerja, znj. Marsela Dervishi dhe znj. Ornela<\/p>\n<p>Naqellari \u00ebsht\u00eb vendosur rindarja me short midis gjyqtar\u00ebve t\u00eb c\u00ebshtjeve civile, t\u00eb cilat nuk jan\u00eb<\/p>\n<p>shpallur p\u00ebr gjykim nga gjyqtar\u00ebt Alma Ahmeti, Edlira Petri, Elbana Lluri, Emona Muci, Genti<\/p>\n<p>Shala, Ilir Toska dhe Valdete Hoxha, t\u00eb ngarkuar m\u00eb her\u00ebt si relator\u00eb, deri n\u00eb ngarkes\u00ebn mesatare<\/p>\n<p>t\u00eb ponderuar t\u00eb c\u00ebshtjeve civile. N\u00eb total jan\u00eb 12.863 c\u00ebshtje civile t\u00eb regjistruara nga viti 2016-<\/p>\n<p>22.04.2022, t\u00eb cilat i\u2019u n\u00ebnshtruan procedur\u00ebs s\u00eb rishortimit.<\/p>\n<p>N\u00eb baz\u00eb t\u00eb shortit elektronik dosja e m\u00ebsip\u00ebrme gjyq\u00ebsore i ka r\u00ebn\u00eb p\u00ebr gjykim gjyqtares relatore<\/p>\n<p>Irida Kacerja. M\u00eb her\u00ebt Gjykata e Apelit Tiran\u00eb njoftoi vendimet e K\u00ebshillit nr. 7 dhe nr. 8.<\/p>","protected":false},"excerpt":{"rendered":"<p>Gjykata e Apelit t\u00eb Tiran\u00ebs, ka vendosur t\u00eb ndryshoj\u00eb relatorin p\u00ebr \u00e7\u00ebshtjen e statutit t\u00eb Partis\u00eb Demokratike, ku pas shortit \u00ebsht\u00eb vendosur q\u00eb t\u00eb jet\u00eb gjyqtarja Irida Kacerja. Duke marr\u00eb parasysh interesimin e shtuar t\u00eb mediave, shtypit t\u00eb shkruar dhe atij on line, si edhe n\u00eb p\u00ebrgjith\u00ebsi opinionit publik, jeni informuar se : N\u00eb Gjykat\u00ebn [&hellip;]<\/p>\n","protected":false},"author":2020,"featured_media":263478,"comment_status":"closed","ping_status":"closed","sticky":false,"template":"","format":"standard","meta":{"footnotes":""},"categories":[241,5380,231],"tags":[],"class_list":{"0":"post-263477","1":"post","2":"type-post","3":"status-publish","4":"format-standard","5":"has-post-thumbnail","7":"category-aktualitet","8":"category-kryesore","9":"category-lajme"},"_links":{"self":[{"href":"https:\/\/zjarr.tv\/en\/wp-json\/wp\/v2\/posts\/263477","targetHints":{"allow":["GET"]}}],"collection":[{"href":"https:\/\/zjarr.tv\/en\/wp-json\/wp\/v2\/posts"}],"about":[{"href":"https:\/\/zjarr.tv\/en\/wp-json\/wp\/v2\/types\/post"}],"author":[{"embeddable":true,"href":"https:\/\/zjarr.tv\/en\/wp-json\/wp\/v2\/users\/2020"}],"replies":[{"embeddable":true,"href":"https:\/\/zjarr.tv\/en\/wp-json\/wp\/v2\/comments?post=263477"}],"version-history":[{"count":0,"href":"https:\/\/zjarr.tv\/en\/wp-json\/wp\/v2\/posts\/263477\/revisions"}],"wp:featuredmedia":[{"embeddable":true,"href":"https:\/\/zjarr.tv\/en\/wp-json\/wp\/v2\/media\/263478"}],"wp:attachment":[{"href":"https:\/\/zjarr.tv\/en\/wp-json\/wp\/v2\/media?parent=263477"}],"wp:term":[{"taxonomy":"category","embeddable":true,"href":"https:\/\/zjarr.tv\/en\/wp-json\/wp\/v2\/categories?post=263477"},{"taxonomy":"post_tag","embeddable":true,"href":"https:\/\/zjarr.tv\/en\/wp-json\/wp\/v2\/tags?post=263477"}],"curies":[{"name":"wp","href":"https:\/\/api.w.org\/{rel}","templated":true}]}}