{"id":263488,"date":"2022-06-08T12:13:57","date_gmt":"2022-06-08T10:13:57","guid":{"rendered":"https:\/\/zjarr.tv\/?p=263488"},"modified":"2022-06-08T12:13:57","modified_gmt":"2022-06-08T10:13:57","slug":"me-rendesi-qe-te-jete-vetem-bashkepunim-ekonomik-dhe-jo-politik-escobarmesazh-ne-samitin-per-ballkanin-e-hapur-prioritet-pjesemarrja-e-6-vendeve","status":"publish","type":"post","link":"https:\/\/zjarr.tv\/en\/me-rendesi-qe-te-jete-vetem-bashkepunim-ekonomik-dhe-jo-politik-escobarmesazh-ne-samitin-per-ballkanin-e-hapur-prioritet-pjesemarrja-e-6-vendeve\/","title":{"rendered":"\u2018Me r\u00ebnd\u00ebsi q\u00eb t\u00eb jet\u00eb vet\u00ebm bashk\u00ebpunim ekonomik dhe jo politik\u2019, Escobarmesazh n\u00eb samitin p\u00ebr Ballkanin e Hapur: Prioritet pjes\u00ebmarrja e 6 vendeve"},"content":{"rendered":"<p>Z\u00ebvend\u00ebs Ndihm\u00ebs Sekretari i Shtetit i SHBA p\u00ebr \u00c7\u00ebshtjet Europiane dhe Euroaziatike, Gabriel Escobar ka deklaruar se SHBA mb\u00ebshtet nism\u00ebn e Ballkanit t\u00eb Hapur, si nj\u00eb iniciative e r\u00ebnd\u00ebsishme ekonomike.<\/p>\n<p>N\u00eb mesazhin q\u00eb ai dha gjat\u00eb Samitit t\u00eb Ohrit, u shpreh se nj\u00ebkoh\u00ebsisht duhet t\u2019i kushtohet v\u00ebmendje edhe integrimit rajonal n\u00eb Bashkimin Evropian. Sipas tij, kjo nism\u00eb duhet t\u00eb p\u00ebrfshir\u00eb t\u00eb gjitha vendet e tjera t\u00eb rajonit.<\/p>\n<p>\u201cBallkani Per\u00ebndimor \u00ebsht\u00eb pjesa e Evrop\u00ebs q\u00eb ka rritje m\u00eb t\u00eb madhe. Ne do ballafaqohemi me probleme, por bashk\u00eb do t\u2019ia dalim<\/p>\n<p>SHBA e p\u00ebrkrahin iniciativ\u00ebn Ballkani i Hapur. Por Iniciativa jon\u00eb mb\u00ebshtetet n\u00eb disa pika, s\u00eb pari. Duhet t\u00eb punojm\u00eb jo vet\u00ebm n\u00eb nj\u00eb bashk\u00ebpunim rajonal, por edhe n\u00eb ato t\u00eb integrimit t\u00eb strukturave evropiane.<\/p>\n<p>Tregjet m\u00eb t\u00eb m\u00ebdha jan\u00eb ato evropiane. Duhet t\u00eb punojm\u00eb p\u00ebr nj\u00eb integrim m\u00eb t\u00eb madh evropian.<\/p>\n<p>Ne i p\u00ebrkrahim t\u00eb gjitha iniciativat ekonomike q\u00eb e afrojn\u00eb rajonin.<\/p>\n<p>E treta, besojm\u00eb se kjo duhet t\u00eb jet\u00eb e hapur p\u00ebr t\u00eb gjith\u00eb. Secila iniciativ\u00eb duhet t\u00eb p\u00ebrfshir\u00eb t\u00eb 6 shtetet e Ballkanit. Kjo \u00ebsht\u00eb nj\u00eb iniciative e shk\u00eblqyer dhe shpreh t\u00eb jet\u00eb m\u00eb e qart\u00eb.<\/p>\n<p>Un\u00eb kam disa propozime:<\/p>\n<p>E para, ka shum\u00eb mund\u00ebsi p\u00ebr integrime. Un\u00eb ju jap kuraj\u00eb lider\u00ebve si t\u00eb bashk\u00ebpunojm\u00eb me iniciativa t\u00eb tjera. Me k\u00ebt\u00eb ju do t\u00eb kuptoni q\u00eb nuk do t\u00eb dublifikohen pun\u00ebt por do ket\u00eb pun\u00eb m\u00eb t\u00eb mira.<\/p>\n<p>E dyta, duhet te keni nj\u00eb plan p\u00ebr zhvillim institucional. Duhet t\u00eb krijohen kushtet p\u00ebr investitor\u00ebt. Duhet ndihm\u00eb p\u00ebr investitor\u00ebt. Ne i p\u00ebrkrahim lider\u00ebt e k\u00ebsaj iniciative dhe t\u00eb ken\u00eb m\u00eb shum\u00eb interes p\u00ebr t\u00eb bashk\u00ebpunuar.<\/p>\n<p>E treta, ju mb\u00ebshtes q\u00eb kjo iniciative t\u00eb jet\u00eb ekonomike. Nuk \u00ebsht\u00eb nj\u00eb projekt politike, me r\u00ebnd\u00ebsi \u00ebsht\u00eb q\u00eb t\u00eb mbetet nj\u00eb projekt ekonomik.<\/p>\n<p>Mund t\u00eb mb\u00ebshteteni tek ne dhe se do ti ndihmojn\u00eb institucionet\u201d, tha Escobar.<\/p>","protected":false},"excerpt":{"rendered":"<p>Z\u00ebvend\u00ebs Ndihm\u00ebs Sekretari i Shtetit i SHBA p\u00ebr \u00c7\u00ebshtjet Europiane dhe Euroaziatike, Gabriel Escobar ka deklaruar se SHBA mb\u00ebshtet nism\u00ebn e Ballkanit t\u00eb Hapur, si nj\u00eb iniciative e r\u00ebnd\u00ebsishme ekonomike. N\u00eb mesazhin q\u00eb ai dha gjat\u00eb Samitit t\u00eb Ohrit, u shpreh se nj\u00ebkoh\u00ebsisht duhet t\u2019i kushtohet v\u00ebmendje edhe integrimit rajonal n\u00eb Bashkimin Evropian. Sipas tij, [&hellip;]<\/p>\n","protected":false},"author":2020,"featured_media":263489,"comment_status":"closed","ping_status":"closed","sticky":false,"template":"","format":"standard","meta":{"footnotes":""},"categories":[241,5380,231],"tags":[],"class_list":{"0":"post-263488","1":"post","2":"type-post","3":"status-publish","4":"format-standard","5":"has-post-thumbnail","7":"category-aktualitet","8":"category-kryesore","9":"category-lajme"},"_links":{"self":[{"href":"https:\/\/zjarr.tv\/en\/wp-json\/wp\/v2\/posts\/263488","targetHints":{"allow":["GET"]}}],"collection":[{"href":"https:\/\/zjarr.tv\/en\/wp-json\/wp\/v2\/posts"}],"about":[{"href":"https:\/\/zjarr.tv\/en\/wp-json\/wp\/v2\/types\/post"}],"author":[{"embeddable":true,"href":"https:\/\/zjarr.tv\/en\/wp-json\/wp\/v2\/users\/2020"}],"replies":[{"embeddable":true,"href":"https:\/\/zjarr.tv\/en\/wp-json\/wp\/v2\/comments?post=263488"}],"version-history":[{"count":0,"href":"https:\/\/zjarr.tv\/en\/wp-json\/wp\/v2\/posts\/263488\/revisions"}],"wp:featuredmedia":[{"embeddable":true,"href":"https:\/\/zjarr.tv\/en\/wp-json\/wp\/v2\/media\/263489"}],"wp:attachment":[{"href":"https:\/\/zjarr.tv\/en\/wp-json\/wp\/v2\/media?parent=263488"}],"wp:term":[{"taxonomy":"category","embeddable":true,"href":"https:\/\/zjarr.tv\/en\/wp-json\/wp\/v2\/categories?post=263488"},{"taxonomy":"post_tag","embeddable":true,"href":"https:\/\/zjarr.tv\/en\/wp-json\/wp\/v2\/tags?post=263488"}],"curies":[{"name":"wp","href":"https:\/\/api.w.org\/{rel}","templated":true}]}}