{"id":263503,"date":"2022-06-08T13:03:40","date_gmt":"2022-06-08T11:03:40","guid":{"rendered":"https:\/\/zjarr.tv\/?p=263503"},"modified":"2022-06-08T13:03:40","modified_gmt":"2022-06-08T11:03:40","slug":"dash-shehi-berisha-te-mbaje-pergjegjesi-per-paktin-ne-2008-n-pse-duhet-te-na-e-falte-rama-presidentin","status":"publish","type":"post","link":"https:\/\/zjarr.tv\/en\/dash-shehi-berisha-te-mbaje-pergjegjesi-per-paktin-ne-2008-n-pse-duhet-te-na-e-falte-rama-presidentin\/","title":{"rendered":"Dash Shehi: Berisha t\u00eb mbaj\u00eb p\u00ebrgjegj\u00ebsi p\u00ebr paktin n\u00eb 2008-n, pse duhet t\u00eb na e falte Rama presidentin"},"content":{"rendered":"<p>Kreu i LZHK-s\u00eb Dashamir Shehi, i p\u00ebrfolur pak dit\u00eb m\u00eb par\u00eb si nj\u00eb prej emrave q\u00eb opozita mund t\u00eb propozonte si kandidat p\u00ebr President, ka folur n\u00eb emisionin \u201cFrontline\u201d lidhur me procesin e d\u00ebshtuar t\u00eb negociatave mazhoranc\u00eb-opozit\u00eb p\u00ebr Kreun e Shtetit.<\/p>\n<p>Shehi tha se opozita p\u00ebrve\u00e7se e ndar\u00eb n\u00eb dy grupe nuk ka qen\u00eb aspak e qart\u00eb n\u00eb ofert\u00ebn q\u00eb do t\u2019i b\u00ebnte shqiptar\u00ebve, pra p\u00ebrzgjedhjen e nj\u00eb emri serioz q\u00eb do ta p\u00ebrfaq\u00ebsonte at\u00eb si front p\u00ebrball\u00eb zgjedhjes s\u00eb Edi Ram\u00ebs.<\/p>\n<p>\u201cProcesi ka mbaruar, dhe po i \u00e7oj sinjal koleg\u00ebve t\u00eb mi opozitar\u00eb se ku kan\u00eb gabuar. Disa nga marria dhe budallall\u00ebku dhe disa q\u00eb mendojn\u00eb se jan\u00eb b\u00ebr\u00eb protagonist\u00eb duke dal\u00eb n\u00eb media. Protagonizmi bosh.<\/p>\n<p>Ato zot\u00ebrinjt\u00eb e opozit\u00ebs duhet ti merrnin k\u00ebto burra e disa t\u00eb tjer\u00eb dhe t\u00eb nxirrnin nj\u00eb q\u00eb t\u2019ia ofronin pal\u00ebs tjet\u00ebr dhe shqiptar\u00ebve. K\u00ebta hyn\u00eb n\u00eb nj\u00eb marr\u00ebdh\u00ebnie absurde. K\u00ebta duhet t\u00eb prodhonin presidentin e vet\u00eb.<\/p>\n<p>Ne hym\u00eb n\u00eb nj\u00eb betej\u00eb p\u00ebr t\u00eb nxjerr\u00eb personazhet e opozit\u00ebs shqiptare. Opozita e humbi k\u00ebt\u00eb nga budalliqet e veta. Kishte tre raunde p\u00ebr t\u00eb nxjerr\u00eb jo nj\u00eb por disa kandidat\u00eb se t\u00eb gjith\u00eb mendonin se do t\u2019ia jepte pala tjet\u00ebr. Po pse t\u2019ia jepte\u201d, tha Shehi.<\/p>\n<p>N\u00eb vijim, deputeti i opozit\u00ebs kritikoi ish-kryeministrin Sali Berisha p\u00ebr ndryshimet kushtetuese t\u00eb vitit 2008, pasi sipas tij fakti q\u00eb kompetencat e Presidentit jan\u00eb b\u00ebr\u00eb thuajse t\u00eb pap\u00ebrfillshme jan\u00eb burim i asaj marr\u00ebveshje me Ram\u00ebn.<\/p>\n<p>\u201cShume nga defektet e politik\u00ebs q\u00eb kemi ne n\u00eb Shqip\u00ebri jan\u00eb derivat i marr\u00ebveshjes fam\u00ebkeqe t\u00eb 2008. \u00cbsht\u00eb b\u00ebr\u00eb praktikisht me kancelar Shqip\u00ebria, s\u2019ka m\u00eb president dhe kryeminist\u00ebr se \u00ebsht\u00eb b\u00ebr\u00eb partia, nj\u00eb parti q\u00eb e nxjerr at\u00eb. Thot\u00eb Berisha se ne dhe Bjellorusia q\u00eb kemi udh\u00ebheq\u00ebs monist, por ai \u00ebsht\u00eb protagonist kryesor i k\u00ebsaj.<\/p>\n<p>Ajo shkat\u00ebrroi institucionet dhe e dyta u b\u00eb nj\u00eb ligj zgjedhor q\u00eb ka prodhuar nj\u00eb shkret\u00ebtir\u00eb politike. Q\u00eb prej asaj kohe nuk ka dal\u00eb nj\u00eb forc\u00eb e re politike. Ky ligj dhe ajo kushtetuta e asaj kohe ka prodhuar k\u00ebt\u00eb klime t\u00eb s\u00ebmur\u00eb politike\u201d, deklaroi Shehu.<\/p>\n<p>Sipas Shehut \u201ctani mund t\u00eb ankohen t\u00eb gjith\u00eb, por \u201cne duhet t\u00eb kthehemi prapa dhe t\u00eb b\u00ebjm\u00eb analiz\u00eb\u201d.<\/p>\n<p>\u201cAta jan\u00eb bashk\u00eb por s\u2019vlen p\u00ebr Shqip\u00ebrin\u00eb kjo pun\u00eb. Se ata e kan\u00eb b\u00ebr\u00eb q\u00eb t\u00eb jen\u00eb vet\u00ebm ata. S\u2019ka m\u00eb demokraci, kontrollon nj\u00eb personazh i vet\u00ebm. Ti g\u00ebrthet sa t\u00eb duash kund\u00ebr vjedhjes dhe korrupsionit si\u00e7 thot\u00eb Berisha. T\u00eb gjitha k\u00ebto i thot\u00eb mir\u00eb Berisha, por nuk thot\u00eb nj\u00eb gj\u00eb q\u00eb \u00ebsht\u00eb protagonist i vet\u00eb k\u00ebtyre gabimeve\u201d, shtoi ai.<\/p>","protected":false},"excerpt":{"rendered":"<p>Kreu i LZHK-s\u00eb Dashamir Shehi, i p\u00ebrfolur pak dit\u00eb m\u00eb par\u00eb si nj\u00eb prej emrave q\u00eb opozita mund t\u00eb propozonte si kandidat p\u00ebr President, ka folur n\u00eb emisionin \u201cFrontline\u201d lidhur me procesin e d\u00ebshtuar t\u00eb negociatave mazhoranc\u00eb-opozit\u00eb p\u00ebr Kreun e Shtetit. Shehi tha se opozita p\u00ebrve\u00e7se e ndar\u00eb n\u00eb dy grupe nuk ka qen\u00eb aspak [&hellip;]<\/p>\n","protected":false},"author":2020,"featured_media":168186,"comment_status":"closed","ping_status":"closed","sticky":false,"template":"","format":"standard","meta":{"footnotes":""},"categories":[241,5380,231],"tags":[],"class_list":{"0":"post-263503","1":"post","2":"type-post","3":"status-publish","4":"format-standard","5":"has-post-thumbnail","7":"category-aktualitet","8":"category-kryesore","9":"category-lajme"},"_links":{"self":[{"href":"https:\/\/zjarr.tv\/en\/wp-json\/wp\/v2\/posts\/263503","targetHints":{"allow":["GET"]}}],"collection":[{"href":"https:\/\/zjarr.tv\/en\/wp-json\/wp\/v2\/posts"}],"about":[{"href":"https:\/\/zjarr.tv\/en\/wp-json\/wp\/v2\/types\/post"}],"author":[{"embeddable":true,"href":"https:\/\/zjarr.tv\/en\/wp-json\/wp\/v2\/users\/2020"}],"replies":[{"embeddable":true,"href":"https:\/\/zjarr.tv\/en\/wp-json\/wp\/v2\/comments?post=263503"}],"version-history":[{"count":0,"href":"https:\/\/zjarr.tv\/en\/wp-json\/wp\/v2\/posts\/263503\/revisions"}],"wp:featuredmedia":[{"embeddable":true,"href":"https:\/\/zjarr.tv\/en\/wp-json\/wp\/v2\/media\/168186"}],"wp:attachment":[{"href":"https:\/\/zjarr.tv\/en\/wp-json\/wp\/v2\/media?parent=263503"}],"wp:term":[{"taxonomy":"category","embeddable":true,"href":"https:\/\/zjarr.tv\/en\/wp-json\/wp\/v2\/categories?post=263503"},{"taxonomy":"post_tag","embeddable":true,"href":"https:\/\/zjarr.tv\/en\/wp-json\/wp\/v2\/tags?post=263503"}],"curies":[{"name":"wp","href":"https:\/\/api.w.org\/{rel}","templated":true}]}}