{"id":263505,"date":"2022-06-08T13:19:50","date_gmt":"2022-06-08T11:19:50","guid":{"rendered":"https:\/\/zjarr.tv\/?p=263505"},"modified":"2022-06-08T13:19:50","modified_gmt":"2022-06-08T11:19:50","slug":"ama-e-kpm-ne-departamentin-amerikan-te-shtetit","status":"publish","type":"post","link":"https:\/\/zjarr.tv\/en\/ama-e-kpm-ne-departamentin-amerikan-te-shtetit\/","title":{"rendered":"AMA e KPM n\u00eb Departamentin Amerikan t\u00eb Shtetit"},"content":{"rendered":"<p>Nj\u00eb delegacion i p\u00ebrbashk\u00ebt i dy rregullator\u00ebve t\u00eb medias, s\u00eb Shqip\u00ebris\u00eb dhe Kosov\u00ebs, p\u00ebrkat\u00ebsisht Autoritetit t\u00eb Mediave Audiovizive (AMA) dhe Komisionit t\u00eb Pavarur t\u00eb Mediave (KPM) \u00ebsht\u00eb duke zhvilluar nj\u00eb vizit\u00eb pune n\u00eb Shtetet e Bashkuara t\u00eb Amerik\u00ebs.<\/p>\n<p>P\u00ebrfaq\u00ebsuesit e dy autoriteteve rregullatore, kryesuar nga znj. Armela Krasniqi dhe z. Xhevat Latifi, zhvilluan nj\u00eb takim n\u00eb Departamentin Amerikan t\u00eb Shtetit, ku u prit\u00ebn nga z. Martin McDowell, Drejtor i Zyr\u00ebs p\u00ebr Europ\u00ebn Qendrore dhe Juglindore.<\/p>\n<p>Dinamika e zhvillimeve n\u00eb t\u00eb dy autoritetet rregullatore, si dhe sfidat me t\u00eb cilat ato p\u00ebrballen, u prezantuan gjat\u00eb takimit, ku u vu theksi tek garantimi i liris\u00eb s\u00eb medias dhe konkurrenc\u00ebs s\u00eb ndershme n\u00eb transmetimet audio\/audiovizive, por edhe duke p\u00ebrmendur p\u00ebrpjekjet q\u00eb b\u00ebhen p\u00ebr t\u00eb evituar fenomenet e \u00e7rregullimit informativ, m\u00eb shum\u00eb n\u00eb form\u00ebn e dezinformimit apo propogand\u00ebs. T\u00eb gjitha p\u00ebrpjekjet b\u00ebhen edhe m\u00eb t\u00eb domosdoshme duke patur n\u00eb v\u00ebmendje luft\u00ebn n\u00eb Ukrain\u00eb dhe dezinformimin q\u00eb \u00ebsht\u00eb nj\u00eb k\u00ebrc\u00ebnim n\u00eb vijim\u00ebsi p\u00ebr t\u00eb gjith\u00eb shoq\u00ebrit\u00eb demokratike.<\/p>\n<p>Sektori audiovizual u konsiderua si nj\u00eb hap\u00ebsir\u00eb ku mund t\u00eb bashk\u00ebpunohet me institucionet homologe apo subjekte t\u00eb SHBA-ve p\u00ebr t\u00eb ndikuar dhe mb\u00ebshtetur projekte t\u00eb p\u00ebrmir\u00ebsimit t\u00eb cil\u00ebsis\u00eb dhe shum\u00ebllojshm\u00ebris\u00eb s\u00eb p\u00ebrmbajtjevet\u00eb transmetuara, si dhe rritjes s\u00eb standarteve t\u00eb rregullimit t\u00eb operator\u00ebve t\u00eb licensuar n\u00eb treg.<\/p>\n<p>Drejtori Mcdowell duke falenderuar t\u00eb dy kryetar\u00ebt p\u00ebr pun\u00ebn q\u00eb kryejn\u00eb institucionet rregullatore n\u00eb Shqip\u00ebri dhe Kosov\u00eb p\u00ebrcolli p\u00ebrsh\u00ebndetjet m\u00eb t\u00eb mira t\u00eb z.Grabriel Escobar, z\u00ebvend\u00ebsndihm\u00ebs sekretar i Zyr\u00ebs p\u00ebr \u00c7\u00ebshtje Europiane dhe Euroazin\u00eb. Z. Escobar p\u00ebr shkak t\u00eb nj\u00eb axhende pune n\u00eb rajon nuk mundi t\u00eb p\u00ebrsh\u00ebndeste personalisht delegacionet e AMA e KPM. Takimet e perfaqesuesve nga AMA dhe KPM n\u00eb Shtetet e Bashkuara t\u00eb Amerik\u00ebs vijojn\u00eb.<\/p>","protected":false},"excerpt":{"rendered":"<p>Nj\u00eb delegacion i p\u00ebrbashk\u00ebt i dy rregullator\u00ebve t\u00eb medias, s\u00eb Shqip\u00ebris\u00eb dhe Kosov\u00ebs, p\u00ebrkat\u00ebsisht Autoritetit t\u00eb Mediave Audiovizive (AMA) dhe Komisionit t\u00eb Pavarur t\u00eb Mediave (KPM) \u00ebsht\u00eb duke zhvilluar nj\u00eb vizit\u00eb pune n\u00eb Shtetet e Bashkuara t\u00eb Amerik\u00ebs. P\u00ebrfaq\u00ebsuesit e dy autoriteteve rregullatore, kryesuar nga znj. Armela Krasniqi dhe z. Xhevat Latifi, zhvilluan nj\u00eb takim [&hellip;]<\/p>\n","protected":false},"author":2020,"featured_media":263506,"comment_status":"closed","ping_status":"closed","sticky":false,"template":"","format":"standard","meta":{"footnotes":""},"categories":[241,5380,231],"tags":[],"class_list":{"0":"post-263505","1":"post","2":"type-post","3":"status-publish","4":"format-standard","5":"has-post-thumbnail","7":"category-aktualitet","8":"category-kryesore","9":"category-lajme"},"_links":{"self":[{"href":"https:\/\/zjarr.tv\/en\/wp-json\/wp\/v2\/posts\/263505","targetHints":{"allow":["GET"]}}],"collection":[{"href":"https:\/\/zjarr.tv\/en\/wp-json\/wp\/v2\/posts"}],"about":[{"href":"https:\/\/zjarr.tv\/en\/wp-json\/wp\/v2\/types\/post"}],"author":[{"embeddable":true,"href":"https:\/\/zjarr.tv\/en\/wp-json\/wp\/v2\/users\/2020"}],"replies":[{"embeddable":true,"href":"https:\/\/zjarr.tv\/en\/wp-json\/wp\/v2\/comments?post=263505"}],"version-history":[{"count":0,"href":"https:\/\/zjarr.tv\/en\/wp-json\/wp\/v2\/posts\/263505\/revisions"}],"wp:featuredmedia":[{"embeddable":true,"href":"https:\/\/zjarr.tv\/en\/wp-json\/wp\/v2\/media\/263506"}],"wp:attachment":[{"href":"https:\/\/zjarr.tv\/en\/wp-json\/wp\/v2\/media?parent=263505"}],"wp:term":[{"taxonomy":"category","embeddable":true,"href":"https:\/\/zjarr.tv\/en\/wp-json\/wp\/v2\/categories?post=263505"},{"taxonomy":"post_tag","embeddable":true,"href":"https:\/\/zjarr.tv\/en\/wp-json\/wp\/v2\/tags?post=263505"}],"curies":[{"name":"wp","href":"https:\/\/api.w.org\/{rel}","templated":true}]}}