{"id":263513,"date":"2022-06-08T13:40:36","date_gmt":"2022-06-08T11:40:36","guid":{"rendered":"https:\/\/zjarr.tv\/?p=263513"},"modified":"2022-06-08T13:40:36","modified_gmt":"2022-06-08T11:40:36","slug":"varhelyi-perplaset-me-ramen-integrimi-nuk-eshte-dasme","status":"publish","type":"post","link":"https:\/\/zjarr.tv\/en\/varhelyi-perplaset-me-ramen-integrimi-nuk-eshte-dasme\/","title":{"rendered":"Varhelyi p\u00ebrplaset me Ram\u00ebn: Integrimi nuk \u00ebsht\u00eb dasm\u00eb"},"content":{"rendered":"<p>Nga samiti p\u00ebr \u2018Open Balkan\u2019, kryeministri Edi Rama ka shtuar doz\u00ebn e sulmeve ndaj Bashkimit Europian. Sipas Ram\u00ebs, Shqip\u00ebria nuk do t\u00eb pres\u00eb m\u00eb p\u00ebr martes\u00ebn, nd\u00ebrsa ironizoi se i vjen keq p\u00ebr gjendjen q\u00eb ndodhet sot unioni. N\u00eb kund\u00ebrp\u00ebrgjigje, eurokomisioneri i BE, Oliver Varhelyi u shpreh se integrimi nuk \u00ebsht\u00eb martes\u00eb, por plot\u00ebsim kriteresh e rritje e nivelit t\u00eb jetes\u00ebs s\u00eb k\u00ebrkuar nga qytetar\u00ebt e vendeve t\u00eb Ballkanit<\/p>\n<p>Krisja dhe problemet e Shqip\u00ebris\u00eb n\u00eb rrug\u00ebn e integrimit n\u00eb Bashkimin Europian jan\u00eb b\u00ebr\u00eb evidente edhe n\u00eb samitin e mbajtur n\u00eb Oh\u00ebr n\u00eb kuad\u00ebr t\u00eb \u2018Open Balkan\u2019.<\/p>\n<p>N\u00eb prani t\u00eb Komisionerit p\u00ebr Zgjerim t\u00eb BE-s\u00eb Oliver Varheliy, kryeministri Edi Rama ka ironizuar Brukselin me pritjen p\u00ebr martes\u00eb, duke shprehur keqardhje p\u00ebr gjendjen ku ndodhet unioni. Por n\u00eb kund\u00ebrp\u00ebrgjigje, eurokomisioneri Varheliy i ka kujtuar kryeministrit shqiptar se integrimi nuk \u00ebsht\u00eb \u00e7\u00ebshtje martese, por plot\u00ebsim kushtesh dhe rritje e nivelit t\u00eb jetes\u00ebs t\u00eb vendeve q\u00eb drejtojn\u00eb n\u00ebp\u00ebrmjet reformave.<\/p>\n<p>Edhe Shtetet e Bashkuara t\u00eb Amerik\u00ebs theksin e kan\u00eb v\u00ebn\u00eb tek forcimi i institucioneve n\u00eb vendet e Ballkanit Per\u00ebndimor. I d\u00ebrguari special i SHBA n\u00eb rajon, Gabriel Escobar vuri theksin gjithashtu edhe tek r\u00ebnd\u00ebsia q\u00eb pjes\u00eb e k\u00ebtij projekti t\u00eb jen\u00eb t\u00eb gjashta vendet, dhe \u2018Open Balkan\u2019 t\u00eb jet\u00eb nj\u00eb projekt ekonomik, e jo politik.<\/p>","protected":false},"excerpt":{"rendered":"<p>Nga samiti p\u00ebr \u2018Open Balkan\u2019, kryeministri Edi Rama ka shtuar doz\u00ebn e sulmeve ndaj Bashkimit Europian. Sipas Ram\u00ebs, Shqip\u00ebria nuk do t\u00eb pres\u00eb m\u00eb p\u00ebr martes\u00ebn, nd\u00ebrsa ironizoi se i vjen keq p\u00ebr gjendjen q\u00eb ndodhet sot unioni. N\u00eb kund\u00ebrp\u00ebrgjigje, eurokomisioneri i BE, Oliver Varhelyi u shpreh se integrimi nuk \u00ebsht\u00eb martes\u00eb, por plot\u00ebsim kriteresh [&hellip;]<\/p>\n","protected":false},"author":2020,"featured_media":263514,"comment_status":"closed","ping_status":"closed","sticky":false,"template":"","format":"standard","meta":{"footnotes":""},"categories":[241,5380,231],"tags":[],"class_list":{"0":"post-263513","1":"post","2":"type-post","3":"status-publish","4":"format-standard","5":"has-post-thumbnail","7":"category-aktualitet","8":"category-kryesore","9":"category-lajme"},"_links":{"self":[{"href":"https:\/\/zjarr.tv\/en\/wp-json\/wp\/v2\/posts\/263513","targetHints":{"allow":["GET"]}}],"collection":[{"href":"https:\/\/zjarr.tv\/en\/wp-json\/wp\/v2\/posts"}],"about":[{"href":"https:\/\/zjarr.tv\/en\/wp-json\/wp\/v2\/types\/post"}],"author":[{"embeddable":true,"href":"https:\/\/zjarr.tv\/en\/wp-json\/wp\/v2\/users\/2020"}],"replies":[{"embeddable":true,"href":"https:\/\/zjarr.tv\/en\/wp-json\/wp\/v2\/comments?post=263513"}],"version-history":[{"count":0,"href":"https:\/\/zjarr.tv\/en\/wp-json\/wp\/v2\/posts\/263513\/revisions"}],"wp:featuredmedia":[{"embeddable":true,"href":"https:\/\/zjarr.tv\/en\/wp-json\/wp\/v2\/media\/263514"}],"wp:attachment":[{"href":"https:\/\/zjarr.tv\/en\/wp-json\/wp\/v2\/media?parent=263513"}],"wp:term":[{"taxonomy":"category","embeddable":true,"href":"https:\/\/zjarr.tv\/en\/wp-json\/wp\/v2\/categories?post=263513"},{"taxonomy":"post_tag","embeddable":true,"href":"https:\/\/zjarr.tv\/en\/wp-json\/wp\/v2\/tags?post=263513"}],"curies":[{"name":"wp","href":"https:\/\/api.w.org\/{rel}","templated":true}]}}