{"id":263516,"date":"2022-06-08T14:00:39","date_gmt":"2022-06-08T12:00:39","guid":{"rendered":"https:\/\/zjarr.tv\/?p=263516"},"modified":"2022-06-08T14:00:39","modified_gmt":"2022-06-08T12:00:39","slug":"albin-kurti-shuan-shpresat-per-bashkim-kombetar-nuk-na-e-lejon-kushtetuta","status":"publish","type":"post","link":"https:\/\/zjarr.tv\/en\/albin-kurti-shuan-shpresat-per-bashkim-kombetar-nuk-na-e-lejon-kushtetuta\/","title":{"rendered":"Albin Kurti \u201cshuan\u201d shpresat p\u00ebr bashkim komb\u00ebtar: Nuk na e lejon Kushtetuta"},"content":{"rendered":"<p>Bashkimi me Shqip\u00ebrin\u00eb ka qen\u00eb prioriteti kryesor i Albin Kurtit por duket se ai ka hequr dor\u00eb nga ky premtim qe iu ka dh\u00ebn\u00eb kosovar\u00ebve kur b\u00ebnte opozit\u00eb ndaj Tha\u00e7it e Isa Mustaf\u00ebs. N\u00eb bashk\u00ebbisedimin me student\u00ebt e Universitetit t\u00eb Kembrixhit n\u00eb Lond\u00ebr, Kurti ka th\u00ebn\u00eb se Kushtetuta aktuale nuk lejon bashkimin e Kosov\u00ebs me Shqip\u00ebrin\u00eb.<\/p>\n<p>\u201cKemi gjuh\u00ebn e traditat e nj\u00ebjta, kemi vet\u00ebdijen e p\u00ebrbashk\u00ebt kulturore e historike. Nuk shoh q\u00eb forcimi i Kosov\u00ebs bie ndesh me aspiratat e Shqip\u00ebris\u00eb po aktualisht nuk kemi t\u00eb drejt\u00eb t\u2019i bashk\u00ebngjitemi dikujt sepse Kushtetuta sipas Ahtisaarit e ka b\u00ebr\u00eb t\u00eb mundur k\u00ebt\u00eb<\/p>\n<p>\u00cbsht\u00eb krijuar p\u00ebrshtypja sikurse Kosova kur t\u2019i bashkohet Shqip\u00ebris\u00eb duhet t\u2019i jap\u00eb pjes\u00eb nga territori i saj. Nuk mendoj se duhet ta rrezikojm\u00eb integritetin territorial t\u00eb Kosov\u00ebs, por prioriteti num\u00ebr nj\u00eb jan\u00eb puna dhe drejt\u00ebsia. E kam fituar k\u00ebt\u00eb mandat qeveris\u00ebs me pun\u00eb e drejt\u00ebsi dhe dua ta b\u00ebj shtetin e Kosov\u00ebs t\u00eb fuqish\u00ebm edhe ekonomikisht edhe administrativisht\u201d.<\/p>\n<p>Kurti, ka deklaruar se Kosova, p\u00ebrkund\u00ebr mosnjohjes nga Serbia, \u00ebsht\u00eb duke b\u00ebr\u00eb progres.<\/p>\n<p>Sipas Kurtit ky \u00ebsht\u00eb argumenti ky\u00e7 q\u00eb \u00ebsht\u00eb p\u00ebrdorur me shtete si Greqia, Sllovakia dhe Rumania q\u00eb ende nuk kan\u00eb b\u00ebr\u00eb njohjen e pavar\u00ebsis\u00eb. Kurti i ka b\u00ebr\u00eb thirrje presidentit Vu\u00e7i\u00e7 q\u00eb t\u2019i njoh\u00eb dokumentet e Kosov\u00ebs sepse n\u00ebse shkon me pasaport\u00eb kosovare n\u00eb Serbi mund t\u00eb arrestohesh.<\/p>\n<p>Kosova fillimisht do t\u2019i bashkohet programit t\u00eb Partneritetit p\u00ebr Paqe t\u00eb NATO-s e pastaj do t\u00eb hyj\u00eb n\u00eb Bashkimin Europian.<\/p>","protected":false},"excerpt":{"rendered":"<p>Bashkimi me Shqip\u00ebrin\u00eb ka qen\u00eb prioriteti kryesor i Albin Kurtit por duket se ai ka hequr dor\u00eb nga ky premtim qe iu ka dh\u00ebn\u00eb kosovar\u00ebve kur b\u00ebnte opozit\u00eb ndaj Tha\u00e7it e Isa Mustaf\u00ebs. N\u00eb bashk\u00ebbisedimin me student\u00ebt e Universitetit t\u00eb Kembrixhit n\u00eb Lond\u00ebr, Kurti ka th\u00ebn\u00eb se Kushtetuta aktuale nuk lejon bashkimin e Kosov\u00ebs me [&hellip;]<\/p>\n","protected":false},"author":2020,"featured_media":176660,"comment_status":"closed","ping_status":"closed","sticky":false,"template":"","format":"standard","meta":{"footnotes":""},"categories":[241,5380,231],"tags":[],"class_list":{"0":"post-263516","1":"post","2":"type-post","3":"status-publish","4":"format-standard","5":"has-post-thumbnail","7":"category-aktualitet","8":"category-kryesore","9":"category-lajme"},"_links":{"self":[{"href":"https:\/\/zjarr.tv\/en\/wp-json\/wp\/v2\/posts\/263516","targetHints":{"allow":["GET"]}}],"collection":[{"href":"https:\/\/zjarr.tv\/en\/wp-json\/wp\/v2\/posts"}],"about":[{"href":"https:\/\/zjarr.tv\/en\/wp-json\/wp\/v2\/types\/post"}],"author":[{"embeddable":true,"href":"https:\/\/zjarr.tv\/en\/wp-json\/wp\/v2\/users\/2020"}],"replies":[{"embeddable":true,"href":"https:\/\/zjarr.tv\/en\/wp-json\/wp\/v2\/comments?post=263516"}],"version-history":[{"count":0,"href":"https:\/\/zjarr.tv\/en\/wp-json\/wp\/v2\/posts\/263516\/revisions"}],"wp:featuredmedia":[{"embeddable":true,"href":"https:\/\/zjarr.tv\/en\/wp-json\/wp\/v2\/media\/176660"}],"wp:attachment":[{"href":"https:\/\/zjarr.tv\/en\/wp-json\/wp\/v2\/media?parent=263516"}],"wp:term":[{"taxonomy":"category","embeddable":true,"href":"https:\/\/zjarr.tv\/en\/wp-json\/wp\/v2\/categories?post=263516"},{"taxonomy":"post_tag","embeddable":true,"href":"https:\/\/zjarr.tv\/en\/wp-json\/wp\/v2\/tags?post=263516"}],"curies":[{"name":"wp","href":"https:\/\/api.w.org\/{rel}","templated":true}]}}