{"id":263518,"date":"2022-06-08T14:18:24","date_gmt":"2022-06-08T12:18:24","guid":{"rendered":"https:\/\/zjarr.tv\/?p=263518"},"modified":"2022-06-08T14:18:24","modified_gmt":"2022-06-08T12:18:24","slug":"pd-garo-rama-talli-gjenocidin-ndaj-boshnjakeve-kroateve-malazezeve-e-shqiptareve-te-kosoves","status":"publish","type":"post","link":"https:\/\/zjarr.tv\/en\/pd-garo-rama-talli-gjenocidin-ndaj-boshnjakeve-kroateve-malazezeve-e-shqiptareve-te-kosoves\/","title":{"rendered":"PD, Garo: Rama talli gjenocidin ndaj boshnjak\u00ebve, kroat\u00ebve, malazez\u00ebve e shqiptar\u00ebve t\u00eb Kosov\u00ebs"},"content":{"rendered":"<p>Partia Demokratike me an\u00eb t\u00eb an\u00ebtares s\u00eb kryesis\u00eb, Floriana Garo ka akuzuar Edi Ram\u00ebn se me deklaratat e tij n\u00eb \u2018Ballkanin e Hapur\u2019, ka tallur gjenocidin e serb\u00ebve t\u00eb b\u00ebr\u00eb ndaj boshnjak\u00ebve, kroat\u00ebve, malazez\u00ebve dhe v\u00ebllez\u00ebrve tan\u00eb nga Kosova.<\/p>\n<p>\u2018Rama po i sh\u00ebrben n\u00eb m\u00ebnyr\u00eb t\u00eb verb\u00ebr projektit serbo-rus dhe antishqiptar\u2019, u shpreh Garo.<\/p>\n<p>Deklarata e PD, Floriana Garo:<\/p>\n<p>Partia Demokratike d\u00ebnon me termat m\u00eb t\u00eb ashp\u00ebr deklaratat e Kryeministrit Edi Rama t\u00eb realizuara gjat\u00eb konferenc\u00ebs t\u00eb zhvilluar sot n\u00eb Oh\u00ebr si pjes\u00eb e nism\u00ebs s\u00eb \u201cBallkanit t\u00eb Hapur\u201d.<\/p>\n<p>Duke mos njohur dhe banalizuar me tallje e n\u00ebnqeshje, gjenocidin dhe masakrat ndaj qindra e mij\u00ebra boshnjak\u00ebve, kroat\u00ebve, malazez\u00ebve e v\u00ebllez\u00ebrve tan\u00eb n\u00eb Kosov\u00eb, viktima t\u00eb spastrimit etnik serb, Edi Rama d\u00ebshmon nj\u00eb munges\u00eb respekti jasht\u00eb \u00e7do imagjinate ndaj t\u00eb shkuar\u00ebs tragjike t\u00eb Ballkanit.<\/p>\n<p>Mohimi i gjenocidit d\u00ebnohet me ligj nd\u00ebrkomb\u00ebtar.<\/p>\n<p>Edi Rama, me k\u00ebto deklarata imorale i bashkohet dyshes Vu\u00e7i\u00e7-Dodik dhe b\u00ebhet pjes\u00eb me dashje, t\u00eb asaj \u00e7ka \u00ebsht\u00eb nj\u00eb tentative rishkruarje t\u00eb historis\u00eb me q\u00ebllimin e vet\u00ebm p\u00ebr t\u00eb leht\u00ebsuar pozicionin e Serbis\u00eb n\u00eb kontekstin e projektit serbo-rus t\u00eb Ballkanit t\u00eb Hapur.<\/p>\n<p>Refuzimi i dyfisht\u00eb i Edi Ram\u00ebs p\u00ebr t\u00eb votuar n\u00eb Parlamentin Shqiptar dy rezoluta q\u00eb d\u00ebnojn\u00eb gjenocidin n\u00eb Bosnje dhe at\u00eb n\u00eb Kosov\u00eb, \u00ebsht\u00eb prova e dy-fisht\u00eb se Edi Rama po i sh\u00ebrben n\u00eb m\u00ebnyr\u00eb t\u00eb verb\u00ebr nj\u00eb projekti serbo-rus, anti-shqiptar.<\/p>\n<p>Deklarata e Ministrit t\u00eb Jasht\u00ebm rus Sergey Lavrov sipas s\u00eb cil\u00ebs, \u201cBallkani i Hapur\u201d \u00ebsht\u00eb nj\u00eb projekt q\u00eb g\u00ebzon mb\u00ebshtetjen e plot\u00eb t\u00eb Rusis\u00eb, duhet t\u00eb jet\u00eb nj\u00eb k\u00ebmban\u00eb alarmi p\u00ebr \u00e7do shqiptar dhe Ballkanas mbi rreziqet dhe agjend\u00ebn e v\u00ebrtet\u00eb t\u00eb k\u00ebsaj nisme. I nj\u00ebjti rrezik vjen dhe nga pjes\u00ebmarrja e pajustifikuar dhe rolin e err\u00ebt n\u00eb k\u00ebt\u00eb Samit t\u00eb djalit t\u00eb George Soros. Askush nuk e di se me cilin status eshte prezent n\u00eb t\u00eb nj\u00ebjt\u00ebn tavolin\u00eb me kryeministrat e Shqip\u00ebris\u00eb dhe Serbis\u00eb.<\/p>\n<p>Partia Demokratike e Shqip\u00ebris\u00eb refuzon n\u00eb m\u00ebnyr\u00eb kategorike \u00e7do projekt q\u00eb k\u00ebrkon t\u00eb z\u00ebvend\u00ebsoj\u00eb Nism\u00ebn e Berlinit dhe integrimin Europian me projekte q\u00eb rivendosin hegjemonin\u00eb ruso-serbe n\u00eb Ballkan.<\/p>\n<p>Partia Demokratike e Shqip\u00ebris\u00eb rikujton gjithashtu se pavar\u00ebsia e Kosov\u00ebs dhe fuqizimi i saj si shteti i pavarur vjen mbi \u00e7do agjend\u00eb bashk\u00ebpunimi rajonal. \u00c7do vendim-marrje e Edi Ram\u00ebs q\u00eb cenon Kosov\u00ebn n\u00eb rrug\u00ebtimin e saj drejt BE-s\u00eb dhe NATO-s, \u00ebsht\u00eb nj\u00eb vendimmarrje anti-shqiptare.<\/p>\n<p>N\u00eb k\u00ebt\u00eb drejtim, vijimi normal i procesit t\u00eb Berlinit dhe t\u00eb integrimit Europian p\u00ebr \u00e7do vend t\u00eb Ballkanit konsiderohet si e vetmja rrug\u00eb drejt nj\u00eb t\u00eb ardhme t\u00eb paqt\u00eb n\u00eb Ballkan.<\/p>","protected":false},"excerpt":{"rendered":"<p>Partia Demokratike me an\u00eb t\u00eb an\u00ebtares s\u00eb kryesis\u00eb, Floriana Garo ka akuzuar Edi Ram\u00ebn se me deklaratat e tij n\u00eb \u2018Ballkanin e Hapur\u2019, ka tallur gjenocidin e serb\u00ebve t\u00eb b\u00ebr\u00eb ndaj boshnjak\u00ebve, kroat\u00ebve, malazez\u00ebve dhe v\u00ebllez\u00ebrve tan\u00eb nga Kosova. \u2018Rama po i sh\u00ebrben n\u00eb m\u00ebnyr\u00eb t\u00eb verb\u00ebr projektit serbo-rus dhe antishqiptar\u2019, u shpreh Garo. Deklarata [&hellip;]<\/p>\n","protected":false},"author":2020,"featured_media":263519,"comment_status":"closed","ping_status":"closed","sticky":false,"template":"","format":"standard","meta":{"footnotes":""},"categories":[241,5380,231],"tags":[],"class_list":{"0":"post-263518","1":"post","2":"type-post","3":"status-publish","4":"format-standard","5":"has-post-thumbnail","7":"category-aktualitet","8":"category-kryesore","9":"category-lajme"},"_links":{"self":[{"href":"https:\/\/zjarr.tv\/en\/wp-json\/wp\/v2\/posts\/263518","targetHints":{"allow":["GET"]}}],"collection":[{"href":"https:\/\/zjarr.tv\/en\/wp-json\/wp\/v2\/posts"}],"about":[{"href":"https:\/\/zjarr.tv\/en\/wp-json\/wp\/v2\/types\/post"}],"author":[{"embeddable":true,"href":"https:\/\/zjarr.tv\/en\/wp-json\/wp\/v2\/users\/2020"}],"replies":[{"embeddable":true,"href":"https:\/\/zjarr.tv\/en\/wp-json\/wp\/v2\/comments?post=263518"}],"version-history":[{"count":0,"href":"https:\/\/zjarr.tv\/en\/wp-json\/wp\/v2\/posts\/263518\/revisions"}],"wp:featuredmedia":[{"embeddable":true,"href":"https:\/\/zjarr.tv\/en\/wp-json\/wp\/v2\/media\/263519"}],"wp:attachment":[{"href":"https:\/\/zjarr.tv\/en\/wp-json\/wp\/v2\/media?parent=263518"}],"wp:term":[{"taxonomy":"category","embeddable":true,"href":"https:\/\/zjarr.tv\/en\/wp-json\/wp\/v2\/categories?post=263518"},{"taxonomy":"post_tag","embeddable":true,"href":"https:\/\/zjarr.tv\/en\/wp-json\/wp\/v2\/tags?post=263518"}],"curies":[{"name":"wp","href":"https:\/\/api.w.org\/{rel}","templated":true}]}}