{"id":263529,"date":"2022-06-08T15:08:47","date_gmt":"2022-06-08T13:08:47","guid":{"rendered":"https:\/\/zjarr.tv\/?p=263529"},"modified":"2022-06-08T15:08:47","modified_gmt":"2022-06-08T13:08:47","slug":"xhixho-mbyllja-e-sporteleve-dhe-kalimi-i-sherbimeve-online-rezulton-deshtimi-i-radhes","status":"publish","type":"post","link":"https:\/\/zjarr.tv\/en\/xhixho-mbyllja-e-sporteleve-dhe-kalimi-i-sherbimeve-online-rezulton-deshtimi-i-radhes\/","title":{"rendered":"Xhixho: Mbyllja e sporteleve dhe kalimi i sh\u00ebrbimeve online rezulton d\u00ebshtimi i radh\u00ebs!"},"content":{"rendered":"<p>Nga Erisa Xhixho\/<\/p>\n<p>Mbyllja e sporteleve dhe kalimi i sh\u00ebrbimeve online rezulton d\u00ebshtimi i radh\u00ebs. Konfindustria Italiane v\u00ebren se:<\/p>\n<p>Rregullimi i problemeve t\u00eb sistemit online shkakton paqart\u00ebsi te sip\u00ebrmarrja, penalizon biznesin p\u00ebr gabime q\u00eb s\u2019varen prej tij dhe krijon kosto artificiale t\u00eb paparashikuara dhe t\u00eb padrejta p\u00ebr sip\u00ebrmarrjen private.<\/p>\n<p>Pa nj\u00eb faz\u00eb t\u00eb nd\u00ebrmjetme, zhvendosja e sh\u00ebrbimeve ka krijuar konfuzion edhe te qytetar\u00ebt. Ai q\u00eb kryeministri e propagandoi si revolucion digjital \u00ebsht\u00eb sfida e radh\u00ebs p\u00ebr pensionist\u00ebt, t\u00eb cil\u00ebt gjenden n\u00eb v\u00ebshtir\u00ebsi edhe p\u00ebr nj\u00eb certifikat\u00eb t\u00eb thjesht\u00eb.<\/p>\n<p>T\u00eb gjith\u00eb jemi vet\u00eb d\u00ebshmitar\u00eb t\u00eb mosfunksionimit p\u00ebr or\u00eb t\u00eb t\u00ebra t\u00eb portalit e-Albania. Shteti elektronik i Edi Ram\u00ebs \u00ebsht\u00eb i till\u00eb vet\u00ebm part time!<\/p>","protected":false},"excerpt":{"rendered":"<p>Nga Erisa Xhixho\/ Mbyllja e sporteleve dhe kalimi i sh\u00ebrbimeve online rezulton d\u00ebshtimi i radh\u00ebs. Konfindustria Italiane v\u00ebren se: Rregullimi i problemeve t\u00eb sistemit online shkakton paqart\u00ebsi te sip\u00ebrmarrja, penalizon biznesin p\u00ebr gabime q\u00eb s\u2019varen prej tij dhe krijon kosto artificiale t\u00eb paparashikuara dhe t\u00eb padrejta p\u00ebr sip\u00ebrmarrjen private. Pa nj\u00eb faz\u00eb t\u00eb nd\u00ebrmjetme, zhvendosja [&hellip;]<\/p>\n","protected":false},"author":2020,"featured_media":263530,"comment_status":"closed","ping_status":"closed","sticky":false,"template":"","format":"standard","meta":{"footnotes":""},"categories":[241,5380,231],"tags":[],"class_list":{"0":"post-263529","1":"post","2":"type-post","3":"status-publish","4":"format-standard","5":"has-post-thumbnail","7":"category-aktualitet","8":"category-kryesore","9":"category-lajme"},"_links":{"self":[{"href":"https:\/\/zjarr.tv\/en\/wp-json\/wp\/v2\/posts\/263529","targetHints":{"allow":["GET"]}}],"collection":[{"href":"https:\/\/zjarr.tv\/en\/wp-json\/wp\/v2\/posts"}],"about":[{"href":"https:\/\/zjarr.tv\/en\/wp-json\/wp\/v2\/types\/post"}],"author":[{"embeddable":true,"href":"https:\/\/zjarr.tv\/en\/wp-json\/wp\/v2\/users\/2020"}],"replies":[{"embeddable":true,"href":"https:\/\/zjarr.tv\/en\/wp-json\/wp\/v2\/comments?post=263529"}],"version-history":[{"count":0,"href":"https:\/\/zjarr.tv\/en\/wp-json\/wp\/v2\/posts\/263529\/revisions"}],"wp:featuredmedia":[{"embeddable":true,"href":"https:\/\/zjarr.tv\/en\/wp-json\/wp\/v2\/media\/263530"}],"wp:attachment":[{"href":"https:\/\/zjarr.tv\/en\/wp-json\/wp\/v2\/media?parent=263529"}],"wp:term":[{"taxonomy":"category","embeddable":true,"href":"https:\/\/zjarr.tv\/en\/wp-json\/wp\/v2\/categories?post=263529"},{"taxonomy":"post_tag","embeddable":true,"href":"https:\/\/zjarr.tv\/en\/wp-json\/wp\/v2\/tags?post=263529"}],"curies":[{"name":"wp","href":"https:\/\/api.w.org\/{rel}","templated":true}]}}