{"id":263539,"date":"2022-06-08T15:37:20","date_gmt":"2022-06-08T13:37:20","guid":{"rendered":"https:\/\/zjarr.tv\/?p=263539"},"modified":"2022-06-08T15:37:20","modified_gmt":"2022-06-08T13:37:20","slug":"ballkani-i-hapur-zheji-zbulon-qellimin-e-rames-dhe-leshon-akuzen-e-rende-e-turpshme-nje-kaposh-i-fryre-qe-i-jep-vetes-te-drejte","status":"publish","type":"post","link":"https:\/\/zjarr.tv\/en\/ballkani-i-hapur-zheji-zbulon-qellimin-e-rames-dhe-leshon-akuzen-e-rende-e-turpshme-nje-kaposh-i-fryre-qe-i-jep-vetes-te-drejte\/","title":{"rendered":"\u201cBallkani i Hapur\u201d, Zheji zbulon q\u00ebllimin e Ram\u00ebs dhe l\u00ebshon akuz\u00ebn e r\u00ebnd\u00eb: E turpshme! Nj\u00eb kaposh i fryr\u00eb q\u00eb i jep vetes t\u00eb drejt\u00eb"},"content":{"rendered":"<p>N\u00eb Oh\u00ebr u mbajt samiti i Ballkanit t\u00eb Hapur ku u takuan presidenti i Serbis\u00eb, Aleksand\u00ebr Vu\u00e7i\u00e7, kryeministri shqiptar Edi Rama dhe kryeministri i Malit t\u00eb Zi Dritan Abazovi\u00e7.<\/p>\n<p>Duke folur rreth samitit t\u00eb \u201cBallkanit t\u00eb Hapur\u201d n\u00eb Oh\u00ebr, analisti Artur Zheji shprehet se kryeministri Edi Rama \u00ebsht\u00eb duke fyer r\u00ebnd\u00eb Kosov\u00ebn.<\/p>\n<p>Ai u shpreh se me Kosov\u00ebn na kan\u00eb ndar\u00eb me arm\u00eb, por \u201casnj\u00ebher\u00eb n\u00eb k\u00ebt\u00eb m\u00ebnyr\u00eb q\u00eb po b\u00ebn kryeministri Rama\u201d.<\/p>\n<p>\u201cNa kan\u00eb ndar\u00eb me arm\u00eb nga Kosova, por asnj\u00ebher\u00eb me ciniz\u00ebm dhe mendje madh\u00ebsin\u00eb e nj\u00eb kaposhi t\u00eb fryr\u00eb q\u00eb i jep vetes t\u00eb drejt\u00eb t\u00eb ndaj\u00eb gjeografikisht Shqip\u00ebrin\u00eb nga Kosova.<\/p>\n<p>Shqip\u00ebri n\u00eb munges\u00eb t\u00eb Kosov\u00ebs, \u00ebsht\u00eb e turpshme, sulm i r\u00ebnd\u00eb ndaj Kosov\u00ebs, dhe m\u00eb vjen mire q\u00eb n\u00eb Kosov\u00eb ka vet\u00ebp\u00ebrmbajtje p\u00ebr k\u00ebt\u00eb tentativ\u00eb p\u00ebr aksion gjeopolitik. Rama do t\u00eb luaj aktorin e nj\u00eb vizionari p\u00ebrtej kufirit.<\/p>\n<p>\u00cbsht\u00eb fyerje n\u00eb publik q\u00eb i b\u00ebhet vazhdimisht Kosov\u00ebs\u201d, u shpreh ai.<\/p>","protected":false},"excerpt":{"rendered":"<p>N\u00eb Oh\u00ebr u mbajt samiti i Ballkanit t\u00eb Hapur ku u takuan presidenti i Serbis\u00eb, Aleksand\u00ebr Vu\u00e7i\u00e7, kryeministri shqiptar Edi Rama dhe kryeministri i Malit t\u00eb Zi Dritan Abazovi\u00e7. Duke folur rreth samitit t\u00eb \u201cBallkanit t\u00eb Hapur\u201d n\u00eb Oh\u00ebr, analisti Artur Zheji shprehet se kryeministri Edi Rama \u00ebsht\u00eb duke fyer r\u00ebnd\u00eb Kosov\u00ebn. Ai u shpreh [&hellip;]<\/p>\n","protected":false},"author":2020,"featured_media":263540,"comment_status":"closed","ping_status":"closed","sticky":false,"template":"","format":"standard","meta":{"footnotes":""},"categories":[241,5380,231],"tags":[],"class_list":{"0":"post-263539","1":"post","2":"type-post","3":"status-publish","4":"format-standard","5":"has-post-thumbnail","7":"category-aktualitet","8":"category-kryesore","9":"category-lajme"},"_links":{"self":[{"href":"https:\/\/zjarr.tv\/en\/wp-json\/wp\/v2\/posts\/263539","targetHints":{"allow":["GET"]}}],"collection":[{"href":"https:\/\/zjarr.tv\/en\/wp-json\/wp\/v2\/posts"}],"about":[{"href":"https:\/\/zjarr.tv\/en\/wp-json\/wp\/v2\/types\/post"}],"author":[{"embeddable":true,"href":"https:\/\/zjarr.tv\/en\/wp-json\/wp\/v2\/users\/2020"}],"replies":[{"embeddable":true,"href":"https:\/\/zjarr.tv\/en\/wp-json\/wp\/v2\/comments?post=263539"}],"version-history":[{"count":0,"href":"https:\/\/zjarr.tv\/en\/wp-json\/wp\/v2\/posts\/263539\/revisions"}],"wp:featuredmedia":[{"embeddable":true,"href":"https:\/\/zjarr.tv\/en\/wp-json\/wp\/v2\/media\/263540"}],"wp:attachment":[{"href":"https:\/\/zjarr.tv\/en\/wp-json\/wp\/v2\/media?parent=263539"}],"wp:term":[{"taxonomy":"category","embeddable":true,"href":"https:\/\/zjarr.tv\/en\/wp-json\/wp\/v2\/categories?post=263539"},{"taxonomy":"post_tag","embeddable":true,"href":"https:\/\/zjarr.tv\/en\/wp-json\/wp\/v2\/tags?post=263539"}],"curies":[{"name":"wp","href":"https:\/\/api.w.org\/{rel}","templated":true}]}}