{"id":263542,"date":"2022-06-08T15:41:49","date_gmt":"2022-06-08T13:41:49","guid":{"rendered":"https:\/\/zjarr.tv\/?p=263542"},"modified":"2022-06-08T15:41:49","modified_gmt":"2022-06-08T13:41:49","slug":"shperthen-keq-agron-llakaj-me-shume-se-e-shemtuar-te-hiqet-menjehere","status":"publish","type":"post","link":"https:\/\/zjarr.tv\/en\/shperthen-keq-agron-llakaj-me-shume-se-e-shemtuar-te-hiqet-menjehere\/","title":{"rendered":"Shp\u00ebrthen keq Agron Llakaj: M\u00eb shum\u00eb se e sh\u00ebmtuar! T\u00eb hiqet menj\u00ebher\u00eb"},"content":{"rendered":"<p>Aktori i humorit Agron Llakaj ka reaguar ashp\u00ebr ndah tabel\u00ebs s\u00eb vendosur n\u00eb kopshtin e ri zoologjik t\u00eb Tiran\u00eb. N\u00eb tabel\u00ebn paralajm\u00ebruese n\u00eb kafazin e tigrit shkruhet: \u201cJu lutemi q\u00ebndroni t\u00eb sigurt! Tigrat i duan f\u00ebmij\u00ebt por ata jan\u00eb t\u00eb v\u00ebshtir\u00eb p\u00ebr t\u2019u tretur. K\u00ebshtu q\u00eb ju lutemi q\u00ebndroni prapa\u201d.<\/p>\n<p>N\u00eb nj\u00eb postim n\u00eb Facebook Llakaj shprehet se kjo \u00ebsht\u00eb nj\u00eb shprehje e sh\u00ebmtuar ndaj dhe b\u00ebn thirrje se pavar\u00ebsisht nga ku mund t\u00eb jet\u00eb marr\u00eb t\u00eb hiqet menj\u00ebher\u00eb.<\/p>\n<p>\u201cMir\u00ebm\u00ebngjesi! Kjo tabel\u00eb \u00ebsht\u00eb vendosur n\u00eb Kopshtin Zoologjik t\u00eb Tiran\u00ebs\u2026nj\u00eb shprehje e sh\u00ebmtuar, nga kudo ku \u00ebsht\u00eb marr\u00eb, duhet t\u00eb hiqet urgjent. M\u00eb shum\u00eb se e sh\u00ebmtuar.\u201d-shkruan aktori.<\/p>\n<p>Kopshti Zoologjik i Tiran\u00ebs u inagurua rreth nj\u00eb jav\u00eb m\u00eb par\u00eb ku prezent ishin kryetari i Bashkis\u00eb Erjon Veliaj dhe kryeminsitri Edi Rama. Rama e cil\u00ebsoi si nj\u00eb nga projektet m\u00eb t\u00eb r\u00ebnd\u00ebsishme dhe nj\u00eb nga hap\u00ebsirat m\u00eb arg\u00ebtuese n\u00eb kryeqytet.<\/p>","protected":false},"excerpt":{"rendered":"<p>Aktori i humorit Agron Llakaj ka reaguar ashp\u00ebr ndah tabel\u00ebs s\u00eb vendosur n\u00eb kopshtin e ri zoologjik t\u00eb Tiran\u00eb. N\u00eb tabel\u00ebn paralajm\u00ebruese n\u00eb kafazin e tigrit shkruhet: \u201cJu lutemi q\u00ebndroni t\u00eb sigurt! Tigrat i duan f\u00ebmij\u00ebt por ata jan\u00eb t\u00eb v\u00ebshtir\u00eb p\u00ebr t\u2019u tretur. K\u00ebshtu q\u00eb ju lutemi q\u00ebndroni prapa\u201d. N\u00eb nj\u00eb postim n\u00eb Facebook [&hellip;]<\/p>\n","protected":false},"author":2020,"featured_media":263543,"comment_status":"closed","ping_status":"closed","sticky":false,"template":"","format":"standard","meta":{"footnotes":""},"categories":[241,5380,231],"tags":[],"class_list":{"0":"post-263542","1":"post","2":"type-post","3":"status-publish","4":"format-standard","5":"has-post-thumbnail","7":"category-aktualitet","8":"category-kryesore","9":"category-lajme"},"_links":{"self":[{"href":"https:\/\/zjarr.tv\/en\/wp-json\/wp\/v2\/posts\/263542","targetHints":{"allow":["GET"]}}],"collection":[{"href":"https:\/\/zjarr.tv\/en\/wp-json\/wp\/v2\/posts"}],"about":[{"href":"https:\/\/zjarr.tv\/en\/wp-json\/wp\/v2\/types\/post"}],"author":[{"embeddable":true,"href":"https:\/\/zjarr.tv\/en\/wp-json\/wp\/v2\/users\/2020"}],"replies":[{"embeddable":true,"href":"https:\/\/zjarr.tv\/en\/wp-json\/wp\/v2\/comments?post=263542"}],"version-history":[{"count":0,"href":"https:\/\/zjarr.tv\/en\/wp-json\/wp\/v2\/posts\/263542\/revisions"}],"wp:featuredmedia":[{"embeddable":true,"href":"https:\/\/zjarr.tv\/en\/wp-json\/wp\/v2\/media\/263543"}],"wp:attachment":[{"href":"https:\/\/zjarr.tv\/en\/wp-json\/wp\/v2\/media?parent=263542"}],"wp:term":[{"taxonomy":"category","embeddable":true,"href":"https:\/\/zjarr.tv\/en\/wp-json\/wp\/v2\/categories?post=263542"},{"taxonomy":"post_tag","embeddable":true,"href":"https:\/\/zjarr.tv\/en\/wp-json\/wp\/v2\/tags?post=263542"}],"curies":[{"name":"wp","href":"https:\/\/api.w.org\/{rel}","templated":true}]}}