{"id":263558,"date":"2022-06-08T19:48:00","date_gmt":"2022-06-08T17:48:00","guid":{"rendered":"https:\/\/zjarr.tv\/?p=263558"},"modified":"2022-06-08T19:48:00","modified_gmt":"2022-06-08T17:48:00","slug":"rritja-rekord-e-karburanteve-reagon-dashnor-sula-marrezi-duhet-te-ngrihemi-ne-proteste","status":"publish","type":"post","link":"https:\/\/zjarr.tv\/en\/rritja-rekord-e-karburanteve-reagon-dashnor-sula-marrezi-duhet-te-ngrihemi-ne-proteste\/","title":{"rendered":"Rritja rekord e karburanteve, reagon Dashnor Sula: Marr\u00ebzi! Duhet t\u00eb ngrihemi n\u00eb protest\u00eb"},"content":{"rendered":"<p>Deputeti i PD, Dashnor Sula ka reaguar pasi Bordi i Karburanteve ka rritur s\u00ebrish \u00e7mimet, teksa \u00e7mimi i naft\u00ebs ka shkuar n\u00eb 258 lek\u00eb\/litri. <\/p>\n<p>Me an\u00eb t\u00eb nj\u00eb nj\u00eb postimi n\u00eb rrjetet sociale, ka deklaruar se duhet t\u00eb ngihen n\u00eb protest\u00eb \u00a0qytetar\u00ebt sa m\u00eb par\u00eb pasi ndryshe \u00e7mimi nga 260 lek\u00eb do t\u00eb shkoj\u00eb 350 lek\u00eb.<\/p>\n<p>Nd\u00ebr t\u00eb tjera ai shkruan se kjo \u00ebsht\u00eb \u201cnj\u00eb pap\u00ebrgjeshm\u00ebri nga qeveria e cila mbush arkat e shtetit me an\u00eb t\u00eb taksave q\u00eb vendos, dhe i p\u00ebrdor ato p\u00ebr pun\u00ebt publike\u201d. <\/p>\n<p>Postimi i Dashnor Sul\u00ebs: <\/p>\n<p>\u00c7mimi i naft\u00ebs n\u00eb rekorde historike. <\/p>\n<p>260 lek\u00eb p\u00ebr nj\u00eb lit\u00ebr naft\u00eb. Fermer\u00ebt, industria duhet t\u00eb fikin automjetet q\u00eb p\u00ebrdorin p\u00ebr pun\u00eb. Ti ngren\u00eb\u00a0 n\u00eb tako dhe t\u00eb ngren\u00eb syt\u00eb nga qielli. Kjo u ka mbetur. <\/p>\n<p>N\u00eb fakt k\u00ebto jan\u00eb efektet e shifrave q\u00eb p\u00ebrmendte Banka Bot\u00ebrore pak dit\u00eb m\u00eb par\u00eb \u201cShqip\u00ebria, vendi me paket\u00ebn m\u00eb t\u00eb vog\u00ebl t\u00eb ndihm\u00ebn p\u00ebr kriz\u00ebn e \u00e7mimeve\u201d. <\/p>\n<p>Jo vet\u00ebm q\u00eb nuk jep asnj\u00eb lek nga taksat e shqiptar\u00ebve p\u00ebr ti ndihmuar n\u00eb k\u00ebt\u00eb koh\u00eb t\u00eb v\u00ebshtir\u00eb, por ne jemi vendi me taksat m\u00eb t\u00eb larta p\u00ebr nj\u00eb lit\u00ebr naft\u00eb. Marr\u00ebzi. <\/p>\n<p>Vet\u00ebm kryeminist\u00ebr i Partis\u00eb Socialiste nuk \u00ebsht\u00eb ky. <\/p>\n<p>Ne nuk duhet ta ulim m\u00eb kok\u00ebn, duhet t\u00eb ngrihemi n\u00eb protesta se ndryshe \u00e7mimi jo 260 lek\u00eb por do shkoj\u00eb 350 lek\u00eb! <\/p>\n<p>E d\u00ebgjuat kryeministrin sesi dit\u00ebn q\u00eb nafta shkon n\u00eb nivele rekord fliste p\u00ebr \u00e7mimin e energjis\u00eb elektrike. Pap\u00ebrgjegjshm\u00ebri. P\u00ebrse nuk flet kreu i k\u00ebsaj maxhorance sesi jan\u00eb mbushur arkat e shtetit p\u00ebr shkak t\u00eb rritjes s\u00eb \u00e7mimeve q\u00eb sjell m\u00eb shum\u00eb para n\u00eb buxhet nga taksat. \u00c7far\u00eb b\u00ebn me k\u00ebto para shtes\u00eb Rama? I ka rritur pag\u00ebn administrat\u00ebs? Sigurisht jo! <\/p>\n<p>Ka indeksuar \u00e7mimet p\u00ebr familjar\u00ebt? Sigurisht jo. <\/p>\n<p>Asgj\u00eb nuk ka b\u00ebr\u00eb p\u00ebr familjet por menj\u00ebher\u00eb mblodhi ministrat e vet p\u00ebr t\u00eb b\u00ebr\u00eb indeksimin e rritjes s\u00eb \u00e7mimeve p\u00ebr pun\u00ebt publike.<\/p>","protected":false},"excerpt":{"rendered":"<p>Deputeti i PD, Dashnor Sula ka reaguar pasi Bordi i Karburanteve ka rritur s\u00ebrish \u00e7mimet, teksa \u00e7mimi i naft\u00ebs ka shkuar n\u00eb 258 lek\u00eb\/litri. Me an\u00eb t\u00eb nj\u00eb nj\u00eb postimi n\u00eb rrjetet sociale, ka deklaruar se duhet t\u00eb ngihen n\u00eb protest\u00eb \u00a0qytetar\u00ebt sa m\u00eb par\u00eb pasi ndryshe \u00e7mimi nga 260 lek\u00eb do t\u00eb shkoj\u00eb 350 [&hellip;]<\/p>\n","protected":false},"author":2031,"featured_media":213705,"comment_status":"closed","ping_status":"closed","sticky":false,"template":"","format":"standard","meta":{"footnotes":""},"categories":[241,231,235],"tags":[],"class_list":{"0":"post-263558","1":"post","2":"type-post","3":"status-publish","4":"format-standard","5":"has-post-thumbnail","7":"category-aktualitet","8":"category-lajme","9":"category-vendi"},"_links":{"self":[{"href":"https:\/\/zjarr.tv\/en\/wp-json\/wp\/v2\/posts\/263558","targetHints":{"allow":["GET"]}}],"collection":[{"href":"https:\/\/zjarr.tv\/en\/wp-json\/wp\/v2\/posts"}],"about":[{"href":"https:\/\/zjarr.tv\/en\/wp-json\/wp\/v2\/types\/post"}],"author":[{"embeddable":true,"href":"https:\/\/zjarr.tv\/en\/wp-json\/wp\/v2\/users\/2031"}],"replies":[{"embeddable":true,"href":"https:\/\/zjarr.tv\/en\/wp-json\/wp\/v2\/comments?post=263558"}],"version-history":[{"count":0,"href":"https:\/\/zjarr.tv\/en\/wp-json\/wp\/v2\/posts\/263558\/revisions"}],"wp:featuredmedia":[{"embeddable":true,"href":"https:\/\/zjarr.tv\/en\/wp-json\/wp\/v2\/media\/213705"}],"wp:attachment":[{"href":"https:\/\/zjarr.tv\/en\/wp-json\/wp\/v2\/media?parent=263558"}],"wp:term":[{"taxonomy":"category","embeddable":true,"href":"https:\/\/zjarr.tv\/en\/wp-json\/wp\/v2\/categories?post=263558"},{"taxonomy":"post_tag","embeddable":true,"href":"https:\/\/zjarr.tv\/en\/wp-json\/wp\/v2\/tags?post=263558"}],"curies":[{"name":"wp","href":"https:\/\/api.w.org\/{rel}","templated":true}]}}