{"id":263561,"date":"2022-06-08T19:55:48","date_gmt":"2022-06-08T17:55:48","guid":{"rendered":"https:\/\/zjarr.tv\/?p=263561"},"modified":"2022-06-08T20:08:07","modified_gmt":"2022-06-08T18:08:07","slug":"ministri-rus-tha-se-ishte-projekt-i-serbise-rama-sergei-lavror-peshkaqen-i-madh-vucic-ballkani-i-hapur-eshte-ide-e-zoranit-edit-dhe-e-imja","status":"publish","type":"post","link":"https:\/\/zjarr.tv\/en\/ministri-rus-tha-se-ishte-projekt-i-serbise-rama-sergei-lavror-peshkaqen-i-madh-vucic-ballkani-i-hapur-eshte-ide-e-zoranit-edit-dhe-e-imja\/","title":{"rendered":"Ministri rus tha se ishte projekt i Serbis\u00eb\/ Rama: Sergei Lavror, peshkaqen i madh! Vu\u00e7i\u00e7: Ballkani i Hapur \u00ebsht\u00eb ide e Zoranit, Edit dhe e imja"},"content":{"rendered":"<p>Lider\u00ebt e vendeve t\u00eb Ballkanit Per\u00ebndimor q\u00eb kan\u00eb marr\u00eb pjes\u00eb n\u00eb Samitin e Ohrit p\u00ebr \u201cBallkanin e Hapur\u201d, jan\u00eb duke dh\u00ebn\u00eb nj\u00eb konferenc\u00eb t\u00eb p\u00ebrbashk\u00ebt p\u00ebr shtyp. Rama dhe Vu\u00e7i\u00e7 jan\u00eb pyetur p\u00ebr nj\u00eb deklarat\u00eb t\u00eb ministrit rus. <\/p>\n<p>Sergei Lavror tha dit\u00eb m\u00eb par\u00eb se ky projekt ishte nis\u00ebm e Serbis\u00eb. Nd\u00ebrkoh\u00eb, sot Edi Rama e konsideroi shefin e diplomacis\u00eb ruse nj\u00eb peshkaqen t\u00eb nivelit t\u00eb lart\u00eb, por q\u00eb ata nuk jan\u00eb peshq q\u00eb mund t\u00eb bien n\u00eb rrjet\u00ebn e trukeve t\u00eb tij. <\/p>\n<p>Edhe presidenti serb Vu\u00e7i\u00e7, u shpreh se nisma ishte ide e tij, Edi Ram\u00ebs dhe ish-kryeministrit maqedonas Zoran Zaev. Ai u zotua se asnj\u00eb minist\u00ebr i jasht\u00ebm i ndonj\u00eb vendi tjet\u00ebr nuk kishte lidhje me k\u00ebt\u00eb projek. <\/p>\n<p>Pyetja:\u00a0Ministri rus tha se Serbia ishte nism\u00ebrtare e Ballkanit t\u00eb Hapur. Kush p\u00ebrfiton Serbia? <\/p>\n<p>Edi Rama:\u00a0Dua t\u00eb falenderoj Ali Ahmetin p\u00ebr pranin\u00eb e tij k\u00ebtu. Dua t\u00eb them q\u00eb ai \u00ebsht\u00eb nj\u00eb nga pioner\u00ebt e Ballkanit t\u00eb Hapur, edhe kur ne nuk ishim k\u00ebtu. P\u00ebr k\u00ebt\u00eb mjafton t\u00eb shikohet se \u00e7far\u00eb \u00ebsht\u00eb sot gjith\u00eb menaxhimi institucional i Maqedonis\u00eb s\u00eb Veriut sot, dhe kur Ali Ahmetit i thonin po ulesh me armiqt\u00eb. <\/p>\n<p>Nj\u00eb shtet i nd\u00ebrtuar nga dy popullsi, vendasit dhe shqiptar\u00ebt. Ishte nj\u00eb koh\u00eb q\u00eb as mund t\u00eb imagjinohej q\u00eb gjuha shqipe do ishte gjuh\u00eb zyrtare. I them k\u00ebto se kush do t\u00eb dij\u00eb se \u00e7far\u00eb \u00ebsht\u00eb Ballkani i Hapur dhe ku duam t\u00eb shkojm\u00eb ne, nj\u00eb nga m\u00ebnyra \u00ebsht\u00eb t\u00eb shikoj\u00eb rrug\u00ebtimin e Ali Ahmetit. <\/p>\n<p>Sa p\u00ebr ministrin e jasht\u00ebm rus, b\u00ebhet fjal\u00eb p\u00ebr nj\u00eb peshkqen t\u00eb nj\u00eb niveli t\u00eb lart\u00eb n\u00eb oqeanin e diplomacis\u00eb bot\u00ebrore. Ai \u00ebsht\u00eb i njohur p\u00ebr sarkazmat e tij dhe shum\u00eb peshq kan\u00eb r\u00ebn\u00eb n\u00eb rrjedh\u00ebn e trukeve t\u00eb tij. N\u00ebse do ishte mb\u00ebshtet\u00ebs i Ballkanit t\u00eb Hapur? N\u00ebse do e donte do ishte k\u00ebtu. <\/p>\n<p>K\u00ebt\u00eb lloj fabule e han\u00eb vet\u00ebm peshqit e Ballkanit t\u00eb Mbyllur. K\u00ebtyre nuk kemi \u00e7far\u00eb ju b\u00ebjm\u00eb, i kemi n\u00eb ujrat tona. Edhe ne lloje peshqish jemi, por t\u00eb rrim\u00eb te kjo fauna e detit. T\u00eb peshkosh n\u00eb k\u00ebt\u00eb ujin e historis\u00eb s\u00eb marrdh\u00ebnieve ballkanike p\u00ebr t\u00eb d\u00ebmtuar procese q\u00eb jan\u00eb n\u00eb thyerje me t\u00eb shkaur\u00ebn dhe n\u00eb ngjitje me t\u00eb ardhmen \u00ebsht\u00eb shum\u00eb e kollajt, po s\u2019ka p\u00ebr t\u00eb ndodh\u00eb. <\/p>\n<p>Aleksand\u00ebr Vu\u00e7i\u00e7:\u00a0Un\u00eb shkurtimisht isha prezent kur Edi, Zorani dhe un\u00eb miratuam vendimin p\u00ebr Ballkanin e Hapur. Nuk ka qen\u00eb asnj\u00eb minist\u00ebr i jasht\u00ebm i ndonj\u00eb vendi tjet\u00ebr. Nuk turp\u00ebrohem p\u00ebr marr\u00ebdh\u00ebnien me Federat\u00ebn Ruse. Ballkani i Hapur \u00ebsht\u00eb ideja jon\u00eb, e askujt tjet\u00ebr. <\/p>\n<p>Do ket\u00eb shum\u00eb m\u00eb tep\u00ebr produkte q\u00eb do eksportohen n\u00eb Serbi nga fermer\u00ebt shqiptar\u00eb. Do ket\u00eb edhe shum\u00eb turist\u00eb serb\u00eb q\u00eb do vijn\u00eb n\u00eb Shqip\u00ebri. Ideja e Ballkanit t\u00eb Hapur \u00ebsht\u00eb ide e Zoran Zaev, e Edi Ram\u00ebs dhe e imja. K\u00ebtu ka lindur. Ballkani i Hapur u takon qytetar\u00ebve t\u00eb Ballkanit.<\/p>","protected":false},"excerpt":{"rendered":"<p>Lider\u00ebt e vendeve t\u00eb Ballkanit Per\u00ebndimor q\u00eb kan\u00eb marr\u00eb pjes\u00eb n\u00eb Samitin e Ohrit p\u00ebr \u201cBallkanin e Hapur\u201d, jan\u00eb duke dh\u00ebn\u00eb nj\u00eb konferenc\u00eb t\u00eb p\u00ebrbashk\u00ebt p\u00ebr shtyp. Rama dhe Vu\u00e7i\u00e7 jan\u00eb pyetur p\u00ebr nj\u00eb deklarat\u00eb t\u00eb ministrit rus. Sergei Lavror tha dit\u00eb m\u00eb par\u00eb se ky projekt ishte nis\u00ebm e Serbis\u00eb. Nd\u00ebrkoh\u00eb, sot Edi Rama [&hellip;]<\/p>\n","protected":false},"author":2031,"featured_media":109245,"comment_status":"closed","ping_status":"closed","sticky":false,"template":"","format":"standard","meta":{"footnotes":""},"categories":[241,231],"tags":[],"class_list":{"0":"post-263561","1":"post","2":"type-post","3":"status-publish","4":"format-standard","5":"has-post-thumbnail","7":"category-aktualitet","8":"category-lajme"},"_links":{"self":[{"href":"https:\/\/zjarr.tv\/en\/wp-json\/wp\/v2\/posts\/263561","targetHints":{"allow":["GET"]}}],"collection":[{"href":"https:\/\/zjarr.tv\/en\/wp-json\/wp\/v2\/posts"}],"about":[{"href":"https:\/\/zjarr.tv\/en\/wp-json\/wp\/v2\/types\/post"}],"author":[{"embeddable":true,"href":"https:\/\/zjarr.tv\/en\/wp-json\/wp\/v2\/users\/2031"}],"replies":[{"embeddable":true,"href":"https:\/\/zjarr.tv\/en\/wp-json\/wp\/v2\/comments?post=263561"}],"version-history":[{"count":0,"href":"https:\/\/zjarr.tv\/en\/wp-json\/wp\/v2\/posts\/263561\/revisions"}],"wp:featuredmedia":[{"embeddable":true,"href":"https:\/\/zjarr.tv\/en\/wp-json\/wp\/v2\/media\/109245"}],"wp:attachment":[{"href":"https:\/\/zjarr.tv\/en\/wp-json\/wp\/v2\/media?parent=263561"}],"wp:term":[{"taxonomy":"category","embeddable":true,"href":"https:\/\/zjarr.tv\/en\/wp-json\/wp\/v2\/categories?post=263561"},{"taxonomy":"post_tag","embeddable":true,"href":"https:\/\/zjarr.tv\/en\/wp-json\/wp\/v2\/tags?post=263561"}],"curies":[{"name":"wp","href":"https:\/\/api.w.org\/{rel}","templated":true}]}}