{"id":263565,"date":"2022-06-08T20:00:16","date_gmt":"2022-06-08T18:00:16","guid":{"rendered":"https:\/\/zjarr.tv\/?p=263565"},"modified":"2022-06-08T20:00:16","modified_gmt":"2022-06-08T18:00:16","slug":"neser-provimi-i-pare-i-matures-evis-kushi-mesazh-nxenesve-respektoni-rregullat-zgjidhni-deget-qe-kerkon-tregu-i-punes","status":"publish","type":"post","link":"https:\/\/zjarr.tv\/en\/neser-provimi-i-pare-i-matures-evis-kushi-mesazh-nxenesve-respektoni-rregullat-zgjidhni-deget-qe-kerkon-tregu-i-punes\/","title":{"rendered":"Nes\u00ebr provimi i par\u00eb i Matur\u00ebs, Evis Kushi mesazh nx\u00ebn\u00ebsve: Respektoni rregullat, zgjidhni deg\u00ebt q\u00eb k\u00ebrkon tregu i pun\u00ebs"},"content":{"rendered":"<p>Ministrja e Arsimit, Evis Kushi u ka uruar suksese t\u00eb gjith\u00eb maturant\u00ebve, t\u00eb cil\u00ebt dit\u00ebn e nes\u00ebrme do ti n\u00ebnshtrohen testit t\u00eb par\u00eb t\u00eb matur\u00ebs, at\u00eb t\u00eb gjuh\u00ebs s\u00eb huaj. <\/p>\n<p>Kushi u uron suksese maturant\u00ebve teksa u jep disa k\u00ebshilla. Ajo u k\u00ebshillon nx\u00ebn\u00ebsve q\u00eb para se t\u00eb hedhin deg\u00ebn t\u00eb vler\u00ebsojn\u00eb at\u00eb q\u00eb k\u00ebrkon tregu, q\u00eb t\u00eb ken\u00eb mund\u00ebsi pun\u00ebsimi n\u00eb t\u00eb ardhme. <\/p>\n<p>\u201cT\u00eb dashur maturant\u00eb, ju nes\u00ebr keni provimin e par\u00eb t\u00eb Matur\u00ebs dhe un\u00eb nuk mund t\u00eb rrija pa ju p\u00ebrcjell\u00eb nj\u00eb mesazh mb\u00ebshtet\u00ebs dhe urimi p\u00ebr k\u00ebt\u00eb moment, i cili ka\u00a0 nj\u00eb pesh\u00eb t\u00eb r\u00ebnd\u00ebsishme p\u00ebr t\u00eb vazhduar n\u00eb faz\u00ebn tjet\u00ebr at\u00eb t\u00eb studimeve t\u00eb larta. <\/p>\n<p>Kthimi n\u00eb normalitet pas nj\u00eb periudhe t\u00eb lodhshme pandemie na ndihmoi q\u00eb t\u00eb jemi m\u00eb shum\u00eb t\u00eb fokusuar tek matura shtet\u00ebrore. E di q\u00eb keni punuar shum\u00eb. Bashk\u00eb edhe me m\u00ebsuesit tuaj, p\u00ebr t\u00eb plot\u00ebsuar njohurit\u00eb e marra gjat\u00eb m\u00ebsimit online por edhe p\u00ebr tu p\u00ebrgatitur p\u00ebr provimet. K\u00ebt\u00eb vit ka disa t\u00eb ri, t\u00eb cilat dua ti ndaj edhe nj\u00eb her\u00eb me ju dhe tju inkurajoj q\u00eb ti shfryt\u00ebzoni sa m\u00eb mir\u00eb. <\/p>\n<p>Sidomos ju q\u00eb do t\u00eb studioni n\u00eb Shqip\u00ebri, duhet t\u00eb jeni m\u00eb shum\u00eb optimist\u00eb, se cil\u00ebsia e Arsimit t\u00eb Lart\u00eb n\u00eb vend fal procesit t\u00eb nd\u00ebrkomb\u00ebtarizimit po rritet \u00e7do dit\u00eb e m\u00eb shum\u00eb. E nd\u00ebrkoh\u00eb pak dit\u00eb m\u00eb par\u00eb ne kemi p\u00ebrcaktuar programet e studimit prioritet nd\u00ebrkomb\u00ebtar, t\u00eb cilat do tju ofrojn\u00eb jo vet\u00ebm p\u00ebrjashtim nga tarifat por dhe mb\u00ebshtetje financiare. Ve\u00e7 d\u00ebshir\u00ebs dhe pasionit, konsideroni edhe ato programe p\u00ebr t\u00eb cilat ka nevoj\u00eb tregu i pun\u00ebs dhe zhvillimi i vendit me q\u00ebllim rritjen e mund\u00ebsis\u00eb t\u00eb pun\u00ebsimit n\u00eb t\u00eb ardhme. Por hapi i par\u00eb jan\u00eb provimet e matur\u00ebs, do ju k\u00ebshilloja q\u00eb t\u00eb punoni t\u00eb qet\u00eb dhe me besim n\u00eb vetvete, por edhe besim tek procesi sepse edhe ne kemi punuar fort\u00eb p\u00ebr t\u00eb marr\u00eb t\u00eb gjitha masat q\u00eb nga hartimi i tekstit, tek kushtet e ambienbit dhe vler\u00ebsimi me sakt\u00ebsi maksimale. <\/p>\n<p>Gjith\u00e7ka q\u00eb ju t\u00eb jepni maksimumin tuaj. Ju lutem respektoni rregullat gjat\u00eb provimit, jo vet\u00ebm p\u00ebr veten tuaj por edhe n\u00eb respekt t\u00eb shok\u00ebve dhe shoqeve\u201d tha Kushi nd\u00ebr t\u00eb tjera.<\/p>","protected":false},"excerpt":{"rendered":"<p>Ministrja e Arsimit, Evis Kushi u ka uruar suksese t\u00eb gjith\u00eb maturant\u00ebve, t\u00eb cil\u00ebt dit\u00ebn e nes\u00ebrme do ti n\u00ebnshtrohen testit t\u00eb par\u00eb t\u00eb matur\u00ebs, at\u00eb t\u00eb gjuh\u00ebs s\u00eb huaj. Kushi u uron suksese maturant\u00ebve teksa u jep disa k\u00ebshilla. Ajo u k\u00ebshillon nx\u00ebn\u00ebsve q\u00eb para se t\u00eb hedhin deg\u00ebn t\u00eb vler\u00ebsojn\u00eb at\u00eb q\u00eb k\u00ebrkon [&hellip;]<\/p>\n","protected":false},"author":2031,"featured_media":263566,"comment_status":"closed","ping_status":"closed","sticky":false,"template":"","format":"standard","meta":{"footnotes":""},"categories":[241,231,235],"tags":[],"class_list":{"0":"post-263565","1":"post","2":"type-post","3":"status-publish","4":"format-standard","5":"has-post-thumbnail","7":"category-aktualitet","8":"category-lajme","9":"category-vendi"},"_links":{"self":[{"href":"https:\/\/zjarr.tv\/en\/wp-json\/wp\/v2\/posts\/263565","targetHints":{"allow":["GET"]}}],"collection":[{"href":"https:\/\/zjarr.tv\/en\/wp-json\/wp\/v2\/posts"}],"about":[{"href":"https:\/\/zjarr.tv\/en\/wp-json\/wp\/v2\/types\/post"}],"author":[{"embeddable":true,"href":"https:\/\/zjarr.tv\/en\/wp-json\/wp\/v2\/users\/2031"}],"replies":[{"embeddable":true,"href":"https:\/\/zjarr.tv\/en\/wp-json\/wp\/v2\/comments?post=263565"}],"version-history":[{"count":0,"href":"https:\/\/zjarr.tv\/en\/wp-json\/wp\/v2\/posts\/263565\/revisions"}],"wp:featuredmedia":[{"embeddable":true,"href":"https:\/\/zjarr.tv\/en\/wp-json\/wp\/v2\/media\/263566"}],"wp:attachment":[{"href":"https:\/\/zjarr.tv\/en\/wp-json\/wp\/v2\/media?parent=263565"}],"wp:term":[{"taxonomy":"category","embeddable":true,"href":"https:\/\/zjarr.tv\/en\/wp-json\/wp\/v2\/categories?post=263565"},{"taxonomy":"post_tag","embeddable":true,"href":"https:\/\/zjarr.tv\/en\/wp-json\/wp\/v2\/tags?post=263565"}],"curies":[{"name":"wp","href":"https:\/\/api.w.org\/{rel}","templated":true}]}}