{"id":263569,"date":"2022-06-08T20:06:14","date_gmt":"2022-06-08T18:06:14","guid":{"rendered":"https:\/\/zjarr.tv\/?p=263569"},"modified":"2022-06-08T20:06:14","modified_gmt":"2022-06-08T18:06:14","slug":"duhet-te-perfshije-te-gjashte-shtetet-escobar-mbeshtesim-ballkanin-e-hapur-si-iniciative-ekonomike","status":"publish","type":"post","link":"https:\/\/zjarr.tv\/en\/duhet-te-perfshije-te-gjashte-shtetet-escobar-mbeshtesim-ballkanin-e-hapur-si-iniciative-ekonomike\/","title":{"rendered":"\u201cDuhet t\u00eb p\u00ebrfshij\u00eb t\u00eb gjasht\u00eb shtetet,\u201d Escobar: Mb\u00ebshtesim Ballkanin e Hapur si iniciativ\u00eb ekonomike"},"content":{"rendered":"<p>I d\u00ebrguari i posa\u00e7\u00ebm amerikan p\u00ebr Ballkanin Per\u00ebndimor, Gabriel Escobar, tha t\u00eb m\u00ebrkur\u00ebn se Shtetet e Bashkuara e mb\u00ebshtesin nism\u00ebn \u201cBallkani i Hapur\u201d, duke n\u00ebnvizuar se \u00e7do nism\u00eb duhet t\u00eb p\u00ebrfshij\u00eb t\u00eb gjasht\u00eb shtetet e Ballkanit Per\u00ebndimor n\u00eb nivel t\u00eb nj\u00ebjt\u00eb. <\/p>\n<p>Duke ju me nj\u00eb video mesazh takimit t\u00eb k\u00ebsaj nisme q\u00eb po mbahet n\u00eb Oh\u00ebr t\u00eb Maqedonis\u00eb s\u00eb Veriut, zoti Escobra tha se Shtetet e Bashkuara e shohin rajonin nga prizmi i shekullit t\u00eb 21-t\u00eb e jo nga problemet e shekullit t\u00eb 20-t\u00eb.<\/p>\n<p>\u201cKy nuk \u00ebsht\u00eb projekt politik, por \u00ebsht\u00eb nj\u00eb projekt shum\u00eb i r\u00ebnd\u00ebsish\u00ebm ekonomik. Dhe me r\u00ebnd\u00ebsi \u00ebsht\u00eb q\u00eb t\u00eb mbetet projekt ekonomik n\u00eb m\u00ebnyr\u00eb q\u00eb t\u00eb p\u00ebrqendrohet n\u00eb krijimin e mund\u00ebsive p\u00ebr njer\u00ebzit e rajonit dhe t\u00eb keni p\u00ebrkrahje m\u00eb t\u00eb madhe\u201d, tha mes tjerash zoti Escobar. <\/p>\n<p>Takimit t\u00eb udh\u00ebheq\u00ebsve t\u00eb Shqip\u00ebris\u00eb, Serbis\u00eb dhe Maqedonis\u00eb s\u00eb Veriut q\u00eb jan\u00eb edhe themeluesit e nism\u00ebs, u jan\u00eb bashkuar n\u00eb cil\u00ebsin\u00eb e v\u00ebzhguesve, kryeministri i Malit t\u00eb Zi dhe kryesuesi i K\u00ebshillit t\u00eb Ministrave t\u00eb Bosnj\u00eb e Hercegovin\u00ebs. Kosova ka refuzuar ftes\u00ebn p\u00ebr t\u2019iu bashkuara nism\u00ebs. <\/p>\n<p>Kryeministri shqiptar\u00eb Edi Rama tha se lufta n\u00eb Ukrain\u00eb e b\u00ebn \u201cBallkanin e Hapur\u201d nj\u00eb domosdoshm\u00ebri edhe m\u00eb t\u00eb madhe. <\/p>\n<p>\u201c\u2018Ballkani i Hapur\u2019 nuk \u00ebsht\u00eb i Serbis\u00eb si\u00e7 d\u00ebgjojm\u00eb k\u00ebtyre dit\u00ebve, por i t\u00eb gjith\u00eb njer\u00ebzve q\u00eb jetojn\u00eb k\u00ebtu, \u00ebsht\u00eb i fermer\u00ebve shqiptar\u00eb, sa m\u00eb shum\u00eb t\u00eb afrohemi aq m\u00eb shum\u00eb zgjidhim problemet dhe armiq\u00ebsit\u00eb, aq m\u00eb shum\u00eb kemi mund\u00ebsi t\u00eb zgjidhim edhe problemin mes Kosov\u00ebs dhe Serbis\u00eb\u201d, tha kryeministri Rama, duke komentuar debatet q\u00eb nxiti edhe nj\u00eb deklarat\u00eb e ministrit t\u00eb Jasht\u00ebm rus, Sergei Lavrov i cili e cil\u00ebsoi Ballkanin e Hapur, nism\u00eb t\u00eb Beogradit. <\/p>\n<p>Kosova refuzon t\u2019i bashkohet nism\u00ebs n\u00eb radh\u00eb t\u00eb par\u00eb p\u00ebr shkak t\u00eb qasjes s\u00eb Serbis\u00eb e cila nuk e njeh pavar\u00ebsin\u00eb e saj, por edhe q\u00eb t\u00eb mos b\u00ebhet pjes\u00eb e nismave q\u00eb synojn\u00eb z\u00ebvend\u00ebsimin e proceseve integruese evropiane. <\/p>\n<p>Presidenti i Serbis\u00eb, Aleksandar Vu\u00e7i\u00e7, tha nd\u00ebrkaq se \u201cBallkani i Hapur\u201d sjell p\u00ebrfitime p\u00ebr t\u00eb gjitha vendet e rajonit t\u00eb Ballkanit Per\u00ebndimor dhe se kjo iniciativ\u00eb nuk e z\u00ebvend\u00ebson integrimin n\u00eb Bashkimin Evropian, por \u00ebsht\u00eb nj\u00eb nism\u00eb e ve\u00e7ant\u00eb e popujve ballkanik\u00eb. <\/p>\n<p>Gjat\u00eb dit\u00ebs do t\u00eb n\u00ebnshkruhen kat\u00ebr marr\u00ebveshje t\u00eb bashk\u00ebpunimit p\u00ebr luft\u00ebn kund\u00ebr evazionit fiskal, njohjen e diplomave t\u00eb arsimit t\u00eb lart\u00eb, bashk\u00ebpunimin kulturor dhe bashk\u00ebpunimin n\u00eb fush\u00ebn e turizmit. <\/p>\n<p>Nisma, sipas organizator\u00ebve t\u00eb saj, synon vendosjen e liris\u00eb s\u00eb l\u00ebvizjes s\u00eb njer\u00ebzve, mallrave, kapitalit dhe sh\u00ebrbimeve n\u00eb rajon.\/ VOA<\/p>","protected":false},"excerpt":{"rendered":"<p>I d\u00ebrguari i posa\u00e7\u00ebm amerikan p\u00ebr Ballkanin Per\u00ebndimor, Gabriel Escobar, tha t\u00eb m\u00ebrkur\u00ebn se Shtetet e Bashkuara e mb\u00ebshtesin nism\u00ebn \u201cBallkani i Hapur\u201d, duke n\u00ebnvizuar se \u00e7do nism\u00eb duhet t\u00eb p\u00ebrfshij\u00eb t\u00eb gjasht\u00eb shtetet e Ballkanit Per\u00ebndimor n\u00eb nivel t\u00eb nj\u00ebjt\u00eb. Duke ju me nj\u00eb video mesazh takimit t\u00eb k\u00ebsaj nisme q\u00eb po mbahet n\u00eb [&hellip;]<\/p>\n","protected":false},"author":2031,"featured_media":263570,"comment_status":"closed","ping_status":"closed","sticky":false,"template":"","format":"standard","meta":{"footnotes":""},"categories":[241,231],"tags":[],"class_list":{"0":"post-263569","1":"post","2":"type-post","3":"status-publish","4":"format-standard","5":"has-post-thumbnail","7":"category-aktualitet","8":"category-lajme"},"_links":{"self":[{"href":"https:\/\/zjarr.tv\/en\/wp-json\/wp\/v2\/posts\/263569","targetHints":{"allow":["GET"]}}],"collection":[{"href":"https:\/\/zjarr.tv\/en\/wp-json\/wp\/v2\/posts"}],"about":[{"href":"https:\/\/zjarr.tv\/en\/wp-json\/wp\/v2\/types\/post"}],"author":[{"embeddable":true,"href":"https:\/\/zjarr.tv\/en\/wp-json\/wp\/v2\/users\/2031"}],"replies":[{"embeddable":true,"href":"https:\/\/zjarr.tv\/en\/wp-json\/wp\/v2\/comments?post=263569"}],"version-history":[{"count":0,"href":"https:\/\/zjarr.tv\/en\/wp-json\/wp\/v2\/posts\/263569\/revisions"}],"wp:featuredmedia":[{"embeddable":true,"href":"https:\/\/zjarr.tv\/en\/wp-json\/wp\/v2\/media\/263570"}],"wp:attachment":[{"href":"https:\/\/zjarr.tv\/en\/wp-json\/wp\/v2\/media?parent=263569"}],"wp:term":[{"taxonomy":"category","embeddable":true,"href":"https:\/\/zjarr.tv\/en\/wp-json\/wp\/v2\/categories?post=263569"},{"taxonomy":"post_tag","embeddable":true,"href":"https:\/\/zjarr.tv\/en\/wp-json\/wp\/v2\/tags?post=263569"}],"curies":[{"name":"wp","href":"https:\/\/api.w.org\/{rel}","templated":true}]}}