{"id":263576,"date":"2022-06-08T20:22:44","date_gmt":"2022-06-08T18:22:44","guid":{"rendered":"https:\/\/zjarr.tv\/?p=263576"},"modified":"2022-06-08T20:22:44","modified_gmt":"2022-06-08T18:22:44","slug":"ndertimi-i-ures-mbi-bune-rama-kujton-gjyshen-kur-jetonte-ne-shkoder-perdorte-anijet-e-vogla-ne-kete-lume","status":"publish","type":"post","link":"https:\/\/zjarr.tv\/en\/ndertimi-i-ures-mbi-bune-rama-kujton-gjyshen-kur-jetonte-ne-shkoder-perdorte-anijet-e-vogla-ne-kete-lume\/","title":{"rendered":"Nd\u00ebrtimi i ur\u00ebs\u00a0mbi Bun\u00eb, Rama kujton gjyshen: Kur jetonte n\u00eb Shkod\u00ebr p\u00ebrdorte anijet e vogla n\u00eb k\u00ebt\u00eb lum\u00eb"},"content":{"rendered":"<p>Kryeministri Edi Rama dhe homologu i tij i Malit t\u00eb Zi, Dritan Abazovi\u00e7, kan\u00eb prezantuar sot n\u00eb Oh\u00ebr projektin e ur\u00ebs q\u00eb do t\u00eb lidh\u00eb Velipoj\u00ebn me Ulqinin. <\/p>\n<p>Rama u kthye pas n\u00eb koh\u00eb, duke kujtuar gjyshen e tij, duke th\u00ebn\u00eb se ka jetuar n\u00eb Shkod\u00ebr dhe ka p\u00ebrdorur anijet e vogla, t\u00eb cilat kan\u00eb lundruar n\u00eb lumin Buna. <\/p>\n<p>\u201cLe t\u00eb arrijm\u00eb at\u00eb faz\u00ebn e 70 viteve m\u00eb par\u00eb, kur gjyshja ime\u00a0 jetonte ne Shkod\u00ebr i p\u00ebrdorte k\u00ebto anijen dhe ishte nostalgjike p\u00ebr at\u00eb koh\u00eb.<\/p>\n<p> Po t\u00eb shoh\u00ebsh fotot e marubit sheh vende kaq t\u00eb bukura me frak at\u00eb vogla, t\u00eb cilat lundroni.<\/p>\n<p> S\u00eb paku le t\u00eb arrijm\u00eb aty dhe pastaj p\u00ebr anijet m\u00ebmt\u00eb m\u00ebdha, edhe ato do t\u00eb vijn\u00eb me koh\u00ebn, sigurisht. Jemi k\u00ebtu p\u00ebr t\u00eb nd\u00ebrtuar ur\u00ebn dhe \u00a0le t\u00eb mnd\u00ebrtojm\u00eb ur\u00ebn. Njer\u00ebzit n\u00eb Malin e Zi e din\u00eb q\u00eb partia juaj e ka kuptimin Ura\u201d, u shpreh Rama.<\/p>","protected":false},"excerpt":{"rendered":"<p>Kryeministri Edi Rama dhe homologu i tij i Malit t\u00eb Zi, Dritan Abazovi\u00e7, kan\u00eb prezantuar sot n\u00eb Oh\u00ebr projektin e ur\u00ebs q\u00eb do t\u00eb lidh\u00eb Velipoj\u00ebn me Ulqinin. Rama u kthye pas n\u00eb koh\u00eb, duke kujtuar gjyshen e tij, duke th\u00ebn\u00eb se ka jetuar n\u00eb Shkod\u00ebr dhe ka p\u00ebrdorur anijet e vogla, t\u00eb cilat kan\u00eb [&hellip;]<\/p>\n","protected":false},"author":2031,"featured_media":263577,"comment_status":"closed","ping_status":"closed","sticky":false,"template":"","format":"standard","meta":{"footnotes":""},"categories":[241,231],"tags":[],"class_list":{"0":"post-263576","1":"post","2":"type-post","3":"status-publish","4":"format-standard","5":"has-post-thumbnail","7":"category-aktualitet","8":"category-lajme"},"_links":{"self":[{"href":"https:\/\/zjarr.tv\/en\/wp-json\/wp\/v2\/posts\/263576","targetHints":{"allow":["GET"]}}],"collection":[{"href":"https:\/\/zjarr.tv\/en\/wp-json\/wp\/v2\/posts"}],"about":[{"href":"https:\/\/zjarr.tv\/en\/wp-json\/wp\/v2\/types\/post"}],"author":[{"embeddable":true,"href":"https:\/\/zjarr.tv\/en\/wp-json\/wp\/v2\/users\/2031"}],"replies":[{"embeddable":true,"href":"https:\/\/zjarr.tv\/en\/wp-json\/wp\/v2\/comments?post=263576"}],"version-history":[{"count":0,"href":"https:\/\/zjarr.tv\/en\/wp-json\/wp\/v2\/posts\/263576\/revisions"}],"wp:featuredmedia":[{"embeddable":true,"href":"https:\/\/zjarr.tv\/en\/wp-json\/wp\/v2\/media\/263577"}],"wp:attachment":[{"href":"https:\/\/zjarr.tv\/en\/wp-json\/wp\/v2\/media?parent=263576"}],"wp:term":[{"taxonomy":"category","embeddable":true,"href":"https:\/\/zjarr.tv\/en\/wp-json\/wp\/v2\/categories?post=263576"},{"taxonomy":"post_tag","embeddable":true,"href":"https:\/\/zjarr.tv\/en\/wp-json\/wp\/v2\/tags?post=263576"}],"curies":[{"name":"wp","href":"https:\/\/api.w.org\/{rel}","templated":true}]}}