{"id":263595,"date":"2022-06-09T06:33:20","date_gmt":"2022-06-09T04:33:20","guid":{"rendered":"https:\/\/zjarr.tv\/?p=263595"},"modified":"2022-06-09T06:33:20","modified_gmt":"2022-06-09T04:33:20","slug":"politikani-gjerman-i-cdu-se-i-prere-asnje-lloj-bashkepunimi-me-non-graten-pozicion-i-padiskutueshem","status":"publish","type":"post","link":"https:\/\/zjarr.tv\/en\/politikani-gjerman-i-cdu-se-i-prere-asnje-lloj-bashkepunimi-me-non-graten-pozicion-i-padiskutueshem\/","title":{"rendered":"Politikani gjerman i CDU-s\u00eb I PRER\u00cb: ASNJ\u00cb lloj bashk\u00ebpunimi me \u201cNON-GRAT\u00cbN\u201d, pozicion i padiskutuesh\u00ebm!"},"content":{"rendered":"<p>Prej 3 dit\u00ebsh zyrtari i lart\u00eb i CDU-s\u00eb, Peter Beyer i cili \u00ebsht\u00eb deputet n\u00eb Bundestagun gjerman, ndodhet n\u00eb nj\u00eb vizit\u00eb zyrtare n\u00eb Shqip\u00ebri. <\/p>\n<p>Beyer ka takuar figura t\u00eb r\u00ebnd\u00ebsishme politike t\u00eb vendit dhe ka sqaruar nd\u00ebr t\u00eb tjera se ndodhej n\u00eb Tiran\u00eb p\u00ebr dy arsye themelore.<\/p>\n<p>Sipas tij nj\u00ebra prej tyre ka t\u00eb b\u00ebj\u00eb me an\u00ebtar\u00ebsimin e Shqip\u00ebris\u00eb n\u00eb BE dhe e dyta lidhet me situat\u00ebn brenda PD-s\u00eb. <\/p>\n<p>N\u00eb postimin e b\u00ebr\u00eb n\u00eb profilin e tij Facebook, zyrtari i lart\u00eb i CDU-s\u00eb, ka mbyllur s\u00ebrish dyert p\u00ebr ish kryeministrin Sali Berisha duke theksuar se BE ishte n\u00eb unison me SHBA-n\u00eb dhe nuk bashk\u00ebpunonte me persona t\u00eb shpallur \u201cnon-grata\u201d. <\/p>\n<p>Postimi i Plot\u00eb nga Beyer: <\/p>\n<p>Kam tre dit\u00eb q\u00eb jam n\u00eb Tiran\u00eb\/ Shqip\u00ebri\u00a0\u00a0p\u00ebr bisedime t\u00eb larta politike. Fokusi ishte n\u00eb dy tema: <\/p>\n<p>1. Antar\u00ebsimi i Shqip\u00ebris\u00eb n\u00eb BE: <\/p>\n<p>Shqip\u00ebria nuk duhet t\u00eb jet\u00eb viktim\u00eb e bllokad\u00ebs\u00a0t\u00eb turpshme t\u00eb Bullgaris\u00eb. Shqip\u00ebria tani duhet t\u00eb ftohet n\u00eb konferenc\u00ebn e ardhshme nd\u00ebrqeveritare si hapi i ardhsh\u00ebm konkret n\u00eb procesin e pranimit n\u00eb BE. <\/p>\n<p>2. Situata e Partis\u00eb Demokratike, PD: <\/p>\n<p>Demokracis\u00eb parlamentare t\u00eb Shqip\u00ebris\u00eb i duhet nj\u00eb opozit\u00eb e bashkuar, e fort\u00eb. Agjendat personale t\u00eb individ\u00ebve nuk duhet t\u00eb luajn\u00eb rol jasht\u00eb p\u00ebrgjegj\u00ebsis\u00eb p\u00ebr vendin. \u00cbsht\u00eb e qart\u00eb se \u00e7do lloj bashk\u00ebpunimi me nj\u00eb \u201cpersona non grata\u201d si komb\u00ebtarisht ashtu edhe nd\u00ebrkomb\u00ebtarisht \u00ebsht\u00eb i ndaluar q\u00eb n\u00eb fillim. Ky \u00ebsht\u00eb nj\u00eb pozicion i p\u00ebrbashk\u00ebt, i pakontestuesh\u00ebm q\u00eb ne e p\u00ebrfaq\u00ebsojm\u00eb rrept\u00ebsisht n\u00eb unison me miqt\u00eb tan\u00eb n\u00eb SHBA<\/p>","protected":false},"excerpt":{"rendered":"<p>Prej 3 dit\u00ebsh zyrtari i lart\u00eb i CDU-s\u00eb, Peter Beyer i cili \u00ebsht\u00eb deputet n\u00eb Bundestagun gjerman, ndodhet n\u00eb nj\u00eb vizit\u00eb zyrtare n\u00eb Shqip\u00ebri. Beyer ka takuar figura t\u00eb r\u00ebnd\u00ebsishme politike t\u00eb vendit dhe ka sqaruar nd\u00ebr t\u00eb tjera se ndodhej n\u00eb Tiran\u00eb p\u00ebr dy arsye themelore. Sipas tij nj\u00ebra prej tyre ka t\u00eb b\u00ebj\u00eb [&hellip;]<\/p>\n","protected":false},"author":2031,"featured_media":263596,"comment_status":"closed","ping_status":"closed","sticky":false,"template":"","format":"standard","meta":{"footnotes":""},"categories":[241,231],"tags":[],"class_list":{"0":"post-263595","1":"post","2":"type-post","3":"status-publish","4":"format-standard","5":"has-post-thumbnail","7":"category-aktualitet","8":"category-lajme"},"_links":{"self":[{"href":"https:\/\/zjarr.tv\/en\/wp-json\/wp\/v2\/posts\/263595","targetHints":{"allow":["GET"]}}],"collection":[{"href":"https:\/\/zjarr.tv\/en\/wp-json\/wp\/v2\/posts"}],"about":[{"href":"https:\/\/zjarr.tv\/en\/wp-json\/wp\/v2\/types\/post"}],"author":[{"embeddable":true,"href":"https:\/\/zjarr.tv\/en\/wp-json\/wp\/v2\/users\/2031"}],"replies":[{"embeddable":true,"href":"https:\/\/zjarr.tv\/en\/wp-json\/wp\/v2\/comments?post=263595"}],"version-history":[{"count":0,"href":"https:\/\/zjarr.tv\/en\/wp-json\/wp\/v2\/posts\/263595\/revisions"}],"wp:featuredmedia":[{"embeddable":true,"href":"https:\/\/zjarr.tv\/en\/wp-json\/wp\/v2\/media\/263596"}],"wp:attachment":[{"href":"https:\/\/zjarr.tv\/en\/wp-json\/wp\/v2\/media?parent=263595"}],"wp:term":[{"taxonomy":"category","embeddable":true,"href":"https:\/\/zjarr.tv\/en\/wp-json\/wp\/v2\/categories?post=263595"},{"taxonomy":"post_tag","embeddable":true,"href":"https:\/\/zjarr.tv\/en\/wp-json\/wp\/v2\/tags?post=263595"}],"curies":[{"name":"wp","href":"https:\/\/api.w.org\/{rel}","templated":true}]}}