{"id":263603,"date":"2022-06-09T06:47:18","date_gmt":"2022-06-09T04:47:18","guid":{"rendered":"https:\/\/zjarr.tv\/?p=263603"},"modified":"2022-06-09T06:47:18","modified_gmt":"2022-06-09T04:47:18","slug":"ministri-shqiptar-merr-dhurate-roleksin-20-mije-euro-nga-kryeministri-i-katarit-se-ktheja-dot-se-kisha-frike-mos-prisheshin-marredheniet","status":"publish","type":"post","link":"https:\/\/zjarr.tv\/en\/ministri-shqiptar-merr-dhurate-roleksin-20-mije-euro-nga-kryeministri-i-katarit-se-ktheja-dot-se-kisha-frike-mos-prisheshin-marredheniet\/","title":{"rendered":"Ministri shqiptar merr dhurat\u00eb \u201cRoleksin\u201d 20 mij\u00eb euro nga kryeministri i Katarit: S\u2019e ktheja dot se kisha frik\u00eb mos prisheshin marr\u00ebdh\u00ebniet"},"content":{"rendered":"<p>Ministri i Pun\u00ebve t\u00eb Brendshme t\u00eb Kosov\u00ebs, Xhelal Sve\u00e7la, ka pranuar p\u00ebr mediat kosovare se ka marr\u00eb si dhurat\u00eb nj\u00eb or\u00eb Rolex me vler\u00eb 20 mij\u00eb dollar\u00eb nga kryeministri i Katarit. <\/p>\n<p>Ai tha p\u00ebr KTV se fillimisht mendoi ta kthente dhurat\u00ebn, por m\u00eb pas u step se mos ndikonte n\u00eb prishjen e marr\u00ebdh\u00ebnieve diplomatike mes dy vendeve. <\/p>\n<p>\u201cN\u00eb nj\u00eb hulumtim sip\u00ebrfaq\u00ebsor q\u00eb un\u00eb kam b\u00ebr\u00eb kam kuptuar q\u00eb \u00ebsht\u00eb diku rreth 20 mij\u00eb euro dhe menj\u00ebher\u00eb i kam shkruar eprorit tim kryeministrit t\u00eb Kosov\u00ebs, Albin Kurtit, me iden\u00eb q\u00eb potencialisht edhe ta kthej\u201d, tha Sve\u00e7la. <\/p>\n<p>Ai shtoi: \u201cPor, pas analiz\u00ebs dhe pas shqyrtimit t\u00eb\u00a0 k\u00ebtij skenari doli q\u00eb raportet mes Katarit dhe Kosov\u00ebs mund t\u00eb l\u00ebndoheshin dhe un\u00eb e kam njoftuar kryeministrin se dhurat\u00ebn do ta marr, por jo p\u00ebr vete personalisht. Ora ndodhet n\u00eb Ministrin\u00eb e Pun\u00ebve t\u00eb Brendshme dhe e kam deklaruar n\u00eb dogan\u00eb. Pas rehatimit un\u00eb e hapa dhurat\u00ebn dhe e pash q\u00eb \u00ebsht\u00eb nj\u00eb dhurat\u00eb e shtrenjt\u00eb q\u00eb si\u00e7 duket p\u00ebr k\u00ebto vende nuk \u00ebsht\u00eb e jasht\u00ebzakonshme, por p\u00ebr rrethanat e tona un\u00eb besoj q\u00eb \u00ebsht\u00eb jasht\u00ebzakonisht e shtrenjt\u00eb\u201d. <\/p>\n<p>Sve\u00e7la tha gjithashtu se dhurata q\u00eb ai i b\u00ebri kryeministrit t\u00eb Katarit ishte simbolike, nj\u00eb hart\u00eb e Kosov\u00ebs e punuar n\u00eb filigran. <\/p>\n<p>\u201cPata nderin q\u00eb ta takoj\u00eb kryeministrin e Katarit n\u00eb nj\u00eb takim bilateral dhe qysh m\u00eb her\u00ebt ne dor\u00ebzuam dhurat\u00ebn ton\u00eb e cila nj\u00eb dhurat\u00eb simbolike \u2013 \u00ebsht\u00eb harta e Kosov\u00ebs e punuar n\u00eb filigran\u201d.<\/p>","protected":false},"excerpt":{"rendered":"<p>Ministri i Pun\u00ebve t\u00eb Brendshme t\u00eb Kosov\u00ebs, Xhelal Sve\u00e7la, ka pranuar p\u00ebr mediat kosovare se ka marr\u00eb si dhurat\u00eb nj\u00eb or\u00eb Rolex me vler\u00eb 20 mij\u00eb dollar\u00eb nga kryeministri i Katarit. Ai tha p\u00ebr KTV se fillimisht mendoi ta kthente dhurat\u00ebn, por m\u00eb pas u step se mos ndikonte n\u00eb prishjen e marr\u00ebdh\u00ebnieve diplomatike mes [&hellip;]<\/p>\n","protected":false},"author":2031,"featured_media":263604,"comment_status":"closed","ping_status":"closed","sticky":false,"template":"","format":"standard","meta":{"footnotes":""},"categories":[241,231],"tags":[],"class_list":{"0":"post-263603","1":"post","2":"type-post","3":"status-publish","4":"format-standard","5":"has-post-thumbnail","7":"category-aktualitet","8":"category-lajme"},"_links":{"self":[{"href":"https:\/\/zjarr.tv\/en\/wp-json\/wp\/v2\/posts\/263603","targetHints":{"allow":["GET"]}}],"collection":[{"href":"https:\/\/zjarr.tv\/en\/wp-json\/wp\/v2\/posts"}],"about":[{"href":"https:\/\/zjarr.tv\/en\/wp-json\/wp\/v2\/types\/post"}],"author":[{"embeddable":true,"href":"https:\/\/zjarr.tv\/en\/wp-json\/wp\/v2\/users\/2031"}],"replies":[{"embeddable":true,"href":"https:\/\/zjarr.tv\/en\/wp-json\/wp\/v2\/comments?post=263603"}],"version-history":[{"count":0,"href":"https:\/\/zjarr.tv\/en\/wp-json\/wp\/v2\/posts\/263603\/revisions"}],"wp:featuredmedia":[{"embeddable":true,"href":"https:\/\/zjarr.tv\/en\/wp-json\/wp\/v2\/media\/263604"}],"wp:attachment":[{"href":"https:\/\/zjarr.tv\/en\/wp-json\/wp\/v2\/media?parent=263603"}],"wp:term":[{"taxonomy":"category","embeddable":true,"href":"https:\/\/zjarr.tv\/en\/wp-json\/wp\/v2\/categories?post=263603"},{"taxonomy":"post_tag","embeddable":true,"href":"https:\/\/zjarr.tv\/en\/wp-json\/wp\/v2\/tags?post=263603"}],"curies":[{"name":"wp","href":"https:\/\/api.w.org\/{rel}","templated":true}]}}