{"id":263607,"date":"2022-06-09T06:53:20","date_gmt":"2022-06-09T04:53:20","guid":{"rendered":"https:\/\/zjarr.tv\/?p=263607"},"modified":"2022-06-09T06:53:20","modified_gmt":"2022-06-09T04:53:20","slug":"ballkani-i-hapur-harxhi-nisme-e-deshtuar-rama-kerkon-ndihme-per-grurin-ne-serbi-si-enver-hoxha-tek-hrushovi","status":"publish","type":"post","link":"https:\/\/zjarr.tv\/en\/ballkani-i-hapur-harxhi-nisme-e-deshtuar-rama-kerkon-ndihme-per-grurin-ne-serbi-si-enver-hoxha-tek-hrushovi\/","title":{"rendered":"\u201cBallkani i Hapur\u201d, Harxhi: Nism\u00eb e d\u00ebshtuar, Rama k\u00ebrkon ndihm\u00eb p\u00ebr grurin n\u00eb Serbi si Enver Hoxha tek Hrushovi"},"content":{"rendered":"<p>Ish-z\u00ebvend\u00ebsministrja e Jashtme Edith Harxhi, ka diskutuar n\u00eb lidhje me nism\u00ebn Ballkani i Hapur. Ajo \u00ebsht\u00eb shprehur n\u00eb emisionin \u201cOpen\u201d se pavar\u00ebsisht se mund t\u00eb ket\u00eb nisur si nj\u00eb nism\u00eb ekonomike, \u00ebsht\u00eb e qart\u00eb q\u00eb ajo ka nj\u00eb karakter politik. <\/p>\n<p>Ajo ka sqaruar se Kosova nuk mund t\u00eb jet\u00eb pjes\u00eb e nism\u00ebs dhe t\u00eb ulet n\u00eb t\u00eb nj\u00ebjt\u00ebn tryez\u00eb me Serbin\u00eb, p\u00ebr sa koh\u00eb pozitat nuk jan\u00eb t\u00eb barabarta. Harxhi tha se nuk mund t\u00eb ndodh\u00eb p\u00ebr sa koh\u00eb Serbia nuk njeh Kosov\u00ebn dhe nuk k\u00ebrkon falje p\u00ebr krimet. <\/p>\n<p>\u201cE para nuk asnj\u00eb nism\u00eb q\u00eb \u00ebsht\u00eb e past\u00ebr vet\u00eb ekonomikisht, t\u00eb gjitha kan\u00eb nj\u00eb lidhje me politik\u00ebn. Mund t\u00eb nisin si ekonomike por kur jan\u00eb pastaj 2 pal\u00ebshe jan\u00eb edhe politike. E d\u00ebgjova zotin p\u00ebllumbi p\u00ebr rritjen e shk\u00ebmbimeve, nuk di t\u00eb ket\u00eb ndodhur. Shoh nj\u00eb problem me produktet shqiptare q\u00eb p\u00ebr shkak t\u00eb shk\u00ebmbimeve me Serbin\u00eb dhe tarifave zero po hidhe. Kjo po ndodh me qum\u00ebshtin pasi qum\u00ebshti subvencionohet m\u00eb shum\u00eb atje dhe dep\u00ebrton tregun ton\u00eb. Kishim tregun e p\u00ebrbashk\u00ebt rajonal dhe CEFT\u00cbn. Kemi shum\u00eb marr\u00ebveshje me Kosov\u00ebn por kemi probleme n\u00eb dogana dhe kriza me produkte t\u00eb ndryshme pasi nuk kemi krijuar nj\u00eb treg t\u00eb p\u00ebrbashk\u00ebt me Kosov\u00ebn. <\/p>\n<p>Nuk mund t\u00eb funksionoj\u00eb dhe \u00ebsht\u00eb i d\u00ebshtuar edhe n\u00eb aspektin ekonomik,. <\/p>\n<p>Nj\u00eb nga deklaratat e Ram\u00ebs ishte se si Serbia po na ndihmon p\u00ebr grurin. Si Hrushovi dikur n\u00eb koh\u00ebn e Enver Hoxh\u00ebs. <\/p>\n<p>E dyta ka t\u00eb b\u00ebj\u00eb me se si mund t\u00eb vij\u00eb Kosova n\u00eb nj\u00eb tryez\u00eb kur kryeministri jon\u00eb flet p\u00ebr krimet serbe n\u00eb ish jugosllavi, n\u00eb nj\u00eb m\u00ebnyr\u00eb nuk do doja t\u00eb p\u00ebrdorja fjal\u00ebn tallje por alegoria q\u00eb p\u00ebrdori \u00ebsht\u00eb e paudh\u00eb dhe e pamatur. \u00cbsht\u00eb e pamundur q\u00eb kryeministri Kurti t\u00eb ulet n\u00eb k\u00ebt\u00eb tryez\u00eb. <\/p>\n<p>Pse nuk ulet Kurti? P\u00ebr nj\u00eb arsye kryesore. E ka th\u00ebn\u00eb q\u00eb kur t\u00eb njihen nga Serbia dhe t\u00eb k\u00ebrkohet falje do t\u00eb ndodh\u00eb. Por kur mohohen marr\u00ebveshjet dhe krimet, kur nuk jan\u00eb t\u00eb barabart\u00eb, Kosova nuk mund t\u00eb ulet n\u00eb tryez\u00eb me agresorin, sepse \u00ebsht\u00eb ende agresor\u201d, \u00ebsht\u00eb shprehur ajo.<\/p>","protected":false},"excerpt":{"rendered":"<p>Ish-z\u00ebvend\u00ebsministrja e Jashtme Edith Harxhi, ka diskutuar n\u00eb lidhje me nism\u00ebn Ballkani i Hapur. Ajo \u00ebsht\u00eb shprehur n\u00eb emisionin \u201cOpen\u201d se pavar\u00ebsisht se mund t\u00eb ket\u00eb nisur si nj\u00eb nism\u00eb ekonomike, \u00ebsht\u00eb e qart\u00eb q\u00eb ajo ka nj\u00eb karakter politik. Ajo ka sqaruar se Kosova nuk mund t\u00eb jet\u00eb pjes\u00eb e nism\u00ebs dhe t\u00eb ulet [&hellip;]<\/p>\n","protected":false},"author":2031,"featured_media":184971,"comment_status":"closed","ping_status":"closed","sticky":false,"template":"","format":"standard","meta":{"footnotes":""},"categories":[241,231,235],"tags":[],"class_list":{"0":"post-263607","1":"post","2":"type-post","3":"status-publish","4":"format-standard","5":"has-post-thumbnail","7":"category-aktualitet","8":"category-lajme","9":"category-vendi"},"_links":{"self":[{"href":"https:\/\/zjarr.tv\/en\/wp-json\/wp\/v2\/posts\/263607","targetHints":{"allow":["GET"]}}],"collection":[{"href":"https:\/\/zjarr.tv\/en\/wp-json\/wp\/v2\/posts"}],"about":[{"href":"https:\/\/zjarr.tv\/en\/wp-json\/wp\/v2\/types\/post"}],"author":[{"embeddable":true,"href":"https:\/\/zjarr.tv\/en\/wp-json\/wp\/v2\/users\/2031"}],"replies":[{"embeddable":true,"href":"https:\/\/zjarr.tv\/en\/wp-json\/wp\/v2\/comments?post=263607"}],"version-history":[{"count":0,"href":"https:\/\/zjarr.tv\/en\/wp-json\/wp\/v2\/posts\/263607\/revisions"}],"wp:featuredmedia":[{"embeddable":true,"href":"https:\/\/zjarr.tv\/en\/wp-json\/wp\/v2\/media\/184971"}],"wp:attachment":[{"href":"https:\/\/zjarr.tv\/en\/wp-json\/wp\/v2\/media?parent=263607"}],"wp:term":[{"taxonomy":"category","embeddable":true,"href":"https:\/\/zjarr.tv\/en\/wp-json\/wp\/v2\/categories?post=263607"},{"taxonomy":"post_tag","embeddable":true,"href":"https:\/\/zjarr.tv\/en\/wp-json\/wp\/v2\/tags?post=263607"}],"curies":[{"name":"wp","href":"https:\/\/api.w.org\/{rel}","templated":true}]}}