{"id":263616,"date":"2022-06-09T10:15:50","date_gmt":"2022-06-09T08:15:50","guid":{"rendered":"https:\/\/zjarr.tv\/?p=263616"},"modified":"2022-06-09T10:15:50","modified_gmt":"2022-06-09T08:15:50","slug":"presidenti-bajram-begaj-takim-me-paraardhesit-bisede-me-moisiun-mejdanin-dhe-bamir-topin","status":"publish","type":"post","link":"https:\/\/zjarr.tv\/en\/presidenti-bajram-begaj-takim-me-paraardhesit-bisede-me-moisiun-mejdanin-dhe-bamir-topin\/","title":{"rendered":"Presidenti Bajram Begaj takim me paraardh\u00ebsit, bised\u00eb me Moisiun, Mejdanin dhe Bamir Topin"},"content":{"rendered":"<p>Presidenti i zgjedhur i Shqip\u00ebris\u00eb, Bajram Begaj do t\u00eb zhvilloj\u00eb dit\u00ebn e sotme disa takime me\u00a0 paraardh\u00ebsit q\u00eb kan\u00eb qen\u00eb n\u00eb krye t\u00eb shtetit. <\/p>\n<p>M\u00ebsohet se Begaj do t\u00eb takohet me ish-president\u00ebt, Alfred Moisiu, Rexhep Mejdani dhe Bamir Topi. K\u00ebto takime vijn\u00eb pak koh\u00eb para se\u00a0ai t\u00eb marr\u00eb detyr\u00ebn e re. <\/p>\n<p>4 dit\u00eb m\u00eb par\u00eb presidenti Begaj u takua me Moisiun,\u00a0ku ky i fundit i foli p\u00ebr p\u00ebrvoj\u00ebn e tij n\u00eb presidenc\u00eb dhe i dhuroi librin \u201cMidis Nanos dhe Berish\u00ebs\u201d. <\/p>\n<p>Kujtojm\u00eb se Bajram Begaj u zgjodh k\u00ebt\u00eb t\u00eb shtun\u00eb president i Shqip\u00ebris\u00eb me 78 vota pro t\u00eb deputet\u00ebve t\u00eb Kuvendit. <\/p>\n<p>Kandidatura e Begajt u mb\u00ebshtet nga Partia Socialiste dhe kryeministri Edi Rama, i cili e propozoi p\u00ebr president pas d\u00ebshtimit p\u00ebr t\u00eb zgjedhur president konsensual me opozit\u00ebn.<\/p>","protected":false},"excerpt":{"rendered":"<p>Presidenti i zgjedhur i Shqip\u00ebris\u00eb, Bajram Begaj do t\u00eb zhvilloj\u00eb dit\u00ebn e sotme disa takime me\u00a0 paraardh\u00ebsit q\u00eb kan\u00eb qen\u00eb n\u00eb krye t\u00eb shtetit. M\u00ebsohet se Begaj do t\u00eb takohet me ish-president\u00ebt, Alfred Moisiu, Rexhep Mejdani dhe Bamir Topi. K\u00ebto takime vijn\u00eb pak koh\u00eb para se\u00a0ai t\u00eb marr\u00eb detyr\u00ebn e re. 4 dit\u00eb m\u00eb par\u00eb [&hellip;]<\/p>\n","protected":false},"author":2031,"featured_media":263617,"comment_status":"closed","ping_status":"closed","sticky":false,"template":"","format":"standard","meta":{"footnotes":""},"categories":[241,231,235],"tags":[],"class_list":{"0":"post-263616","1":"post","2":"type-post","3":"status-publish","4":"format-standard","5":"has-post-thumbnail","7":"category-aktualitet","8":"category-lajme","9":"category-vendi"},"_links":{"self":[{"href":"https:\/\/zjarr.tv\/en\/wp-json\/wp\/v2\/posts\/263616","targetHints":{"allow":["GET"]}}],"collection":[{"href":"https:\/\/zjarr.tv\/en\/wp-json\/wp\/v2\/posts"}],"about":[{"href":"https:\/\/zjarr.tv\/en\/wp-json\/wp\/v2\/types\/post"}],"author":[{"embeddable":true,"href":"https:\/\/zjarr.tv\/en\/wp-json\/wp\/v2\/users\/2031"}],"replies":[{"embeddable":true,"href":"https:\/\/zjarr.tv\/en\/wp-json\/wp\/v2\/comments?post=263616"}],"version-history":[{"count":0,"href":"https:\/\/zjarr.tv\/en\/wp-json\/wp\/v2\/posts\/263616\/revisions"}],"wp:featuredmedia":[{"embeddable":true,"href":"https:\/\/zjarr.tv\/en\/wp-json\/wp\/v2\/media\/263617"}],"wp:attachment":[{"href":"https:\/\/zjarr.tv\/en\/wp-json\/wp\/v2\/media?parent=263616"}],"wp:term":[{"taxonomy":"category","embeddable":true,"href":"https:\/\/zjarr.tv\/en\/wp-json\/wp\/v2\/categories?post=263616"},{"taxonomy":"post_tag","embeddable":true,"href":"https:\/\/zjarr.tv\/en\/wp-json\/wp\/v2\/tags?post=263616"}],"curies":[{"name":"wp","href":"https:\/\/api.w.org\/{rel}","templated":true}]}}