{"id":263620,"date":"2022-06-09T10:20:38","date_gmt":"2022-06-09T08:20:38","guid":{"rendered":"https:\/\/zjarr.tv\/?p=263620"},"modified":"2022-06-09T10:20:38","modified_gmt":"2022-06-09T08:20:38","slug":"manjani-shperthen-ndaj-rames-behu-burre-dhe-shko-jepi-doren-putinit-pronarit-te-ballkanit-te-hapur","status":"publish","type":"post","link":"https:\/\/zjarr.tv\/en\/manjani-shperthen-ndaj-rames-behu-burre-dhe-shko-jepi-doren-putinit-pronarit-te-ballkanit-te-hapur\/","title":{"rendered":"Manjani \u201cshp\u00ebrthen\u201d ndaj Ram\u00ebs: B\u00ebhu burr\u00eb dhe shko jepi dor\u00ebn Putinit, PRONARIT t\u00eb Ballkanit t\u00eb Hapur"},"content":{"rendered":"<p>Ish-ministri i Drejt\u00ebsis\u00eb Ylli Manjani, ka ironizuar kryeministrin Edi Rama, i cili dit\u00ebn e djeshme mori pjes\u00eb n\u00eb samitin e Ballkanit t\u00eb Hapur q\u00eb u mbajt n\u00eb Oh\u00ebr. <\/p>\n<p>P\u00ebrmes nj\u00eb postimi n\u00eb Facebook, ai e cil\u00ebson presidentin rus, Vladimir Putin, si pronarin e \u201cOpen Ballkan\u201d, teksa i drejtohet Ram\u00ebs, duke th\u00ebn\u00eb q\u00eb t\u2019i jap\u00eb dor\u00ebn Putinit formalisht. <\/p>\n<p>Postimi i plot\u00eb i Ylli Manjanit: <\/p>\n<p>Shko e jepi dor\u00ebn Putinit! <\/p>\n<p>Hi\u00e7 mos e zgjat! <\/p>\n<p>Jepja at\u00eb dor\u00eb dhe legalizoje Ballkanin e Hapur! <\/p>\n<p>Jepja dor\u00ebn, meq\u00eb i ham\u00eb buk\u00ebn (grurin), megjithse po ja blejm\u00eb spo na e fal. <\/p>\n<p>B\u00ebhu burr\u00eb shteti dhe pranoje rrjeshtimin gjeopolitik ku na fute. <\/p>\n<p>Ske p\u00ebrse fshihesh m\u00eb as pas lobimeve Amerikane e as pas Vu\u00e7i\u00e7it. Shko direkt tek i zoti i pun\u00ebs, tek pronari i Ballkanit t\u00eb Hapur. <\/p>\n<p>Me at\u00eb rast mbledhim mendjen q\u00eb p\u00ebr ca vite skemi m\u00eb pun\u00eb me per\u00ebndimin. <\/p>\n<p>Bien edhe k\u00ebto teatrot idiote me reforma burrokrat\u00ebsh idiot\u00eb per\u00ebndimor\u00eb e me pisll\u00ebqe antikushtetut\u00eb. Duhet t\u00eb na bjer\u00eb edhe iluzioni q\u00eb jetojm\u00eb n\u00eb demokraci. <\/p>\n<p>Nuk jetohet me iluzione. As me rrena. Ndaj b\u00ebhu burr\u00eb shteti dhe jepja dor\u00ebn Putinit edhe formalisht! <\/p>\n<p>Sa m\u00eb takon do t\u00eb t\u00eb p\u00ebrsh\u00ebndes p\u00ebr burrnin\u00eb, por kurr\u00eb p\u00ebr vendimin q\u00eb ke marr\u00eb p\u00ebr t\u00eb na larguar nga Europa. <\/p>\n<p>Sa t\u00eb kem frym\u00eb do mbetem shqiptar europian.<\/p>","protected":false},"excerpt":{"rendered":"<p>Ish-ministri i Drejt\u00ebsis\u00eb Ylli Manjani, ka ironizuar kryeministrin Edi Rama, i cili dit\u00ebn e djeshme mori pjes\u00eb n\u00eb samitin e Ballkanit t\u00eb Hapur q\u00eb u mbajt n\u00eb Oh\u00ebr. P\u00ebrmes nj\u00eb postimi n\u00eb Facebook, ai e cil\u00ebson presidentin rus, Vladimir Putin, si pronarin e \u201cOpen Ballkan\u201d, teksa i drejtohet Ram\u00ebs, duke th\u00ebn\u00eb q\u00eb t\u2019i jap\u00eb dor\u00ebn [&hellip;]<\/p>\n","protected":false},"author":2031,"featured_media":226527,"comment_status":"closed","ping_status":"closed","sticky":false,"template":"","format":"standard","meta":{"footnotes":""},"categories":[241,231,235],"tags":[],"class_list":{"0":"post-263620","1":"post","2":"type-post","3":"status-publish","4":"format-standard","5":"has-post-thumbnail","7":"category-aktualitet","8":"category-lajme","9":"category-vendi"},"_links":{"self":[{"href":"https:\/\/zjarr.tv\/en\/wp-json\/wp\/v2\/posts\/263620","targetHints":{"allow":["GET"]}}],"collection":[{"href":"https:\/\/zjarr.tv\/en\/wp-json\/wp\/v2\/posts"}],"about":[{"href":"https:\/\/zjarr.tv\/en\/wp-json\/wp\/v2\/types\/post"}],"author":[{"embeddable":true,"href":"https:\/\/zjarr.tv\/en\/wp-json\/wp\/v2\/users\/2031"}],"replies":[{"embeddable":true,"href":"https:\/\/zjarr.tv\/en\/wp-json\/wp\/v2\/comments?post=263620"}],"version-history":[{"count":0,"href":"https:\/\/zjarr.tv\/en\/wp-json\/wp\/v2\/posts\/263620\/revisions"}],"wp:featuredmedia":[{"embeddable":true,"href":"https:\/\/zjarr.tv\/en\/wp-json\/wp\/v2\/media\/226527"}],"wp:attachment":[{"href":"https:\/\/zjarr.tv\/en\/wp-json\/wp\/v2\/media?parent=263620"}],"wp:term":[{"taxonomy":"category","embeddable":true,"href":"https:\/\/zjarr.tv\/en\/wp-json\/wp\/v2\/categories?post=263620"},{"taxonomy":"post_tag","embeddable":true,"href":"https:\/\/zjarr.tv\/en\/wp-json\/wp\/v2\/tags?post=263620"}],"curies":[{"name":"wp","href":"https:\/\/api.w.org\/{rel}","templated":true}]}}