{"id":263625,"date":"2022-06-09T11:47:24","date_gmt":"2022-06-09T09:47:24","guid":{"rendered":"https:\/\/zjarr.tv\/?p=263625"},"modified":"2022-06-09T11:47:24","modified_gmt":"2022-06-09T09:47:24","slug":"kuvendi-rrezoi-kerkesen-per-komision-hetimor-per-investimet-strategjike-bardhi-ligji-e-cakton-qarte-se-sa-firma-duhen-rama-tha-harrojeni","status":"publish","type":"post","link":"https:\/\/zjarr.tv\/en\/kuvendi-rrezoi-kerkesen-per-komision-hetimor-per-investimet-strategjike-bardhi-ligji-e-cakton-qarte-se-sa-firma-duhen-rama-tha-harrojeni\/","title":{"rendered":"Kuvendi rr\u00ebzoi k\u00ebrkes\u00ebn p\u00ebr Komision Hetimor p\u00ebr investimet strategjike, Bardhi: Ligji e cakton qart\u00eb se sa firma duhen, Rama tha harrojeni\u2026"},"content":{"rendered":"<p>Gazmend Bardhi ka folur n\u00eb foltore pasi Kuvendi rr\u00ebzoi k\u00ebrkes\u00ebn p\u00ebr ngritjen e nj\u00eb Komisioni Hetimor p\u00ebr investimet strategjike<\/p>\n<p>Bardhi tha se sipas ligjit mjaftojn\u00eb 5 firma p\u00ebr shqyrtimin n\u00eb seanc\u00eb p\u00ebr ngritjen e Komisionit Hetimor, nd\u00ebrsa shtoi se pas terheqjes s\u00eb firm\u00ebs se Agron Duk\u00ebs ata kan\u00eb depozituar nga\u00a0 e para k\u00ebrkes\u00ebn me 36 firma.<\/p>\n<p>Reagimi i Bardhit erdhi pasi Balla nga Kuvendi akuzoi PD-n\u00eb se po b\u00ebn p\u00ebrpjekje p\u00ebr falsifikim sa i takon k\u00ebrkes\u00ebs s\u00eb tyre p\u00ebr t\u00eb k\u00ebrkuar mocion p\u00ebr Komisionin Hetimor p\u00ebr investimet strategjike<\/p>\n<p>Bardhi: Me pretendimin se kishin ngelur 34 firma e rr\u00ebzuat ne kund\u00ebrshtim flagrant me ligjin. Sipas ligjit, mjaftojn\u00eb 5 firma t\u00eb deputeteve q\u00eb k\u00ebrkesa p\u00ebr komision hetimor t\u00eb shqyrtohet n\u00eb seanc\u00eb. E b\u00ebn t\u00eb detyrueshme ose jo komisionin hetimor. Po nuk nevojiten aq firma. M\u00eb dat\u00eb 27 kemi paraqitur nje kerkese ku sqarojm\u00eb, terheqjen e firmes se deputetit Agron Duka, kemi depozituar nj\u00eb kerkese t\u00eb 36 deputeteve.<\/p>\n<p>I gjith\u00eb sqarimi q\u00eb ju keni b\u00ebr\u00eb n\u00eb konferenc\u00ebn e kryetar\u00ebve por edhe ai q\u00eb dha Balla \u00ebsht\u00eb nj\u00eb justifikim. Rama tha harrojeni se do t\u00eb ngrejme komision hetimor per investimet strategjike. Shqiptar\u00ebt duhet ta din\u00eb. Nj\u00eb nga ministrat e Ram\u00ebs rrezikon, ka p\u00ebrfituar bashk\u00ebshorit i saj statusin e investitorit strategjik, nje kompani offshore ka p\u00ebrfituar.<\/p>\n<p>Kjo \u00ebsht\u00eb arsyeja q\u00eb vini ketu dhe sdini ca flisni. Keni nj\u00eb kerkese me 36 firma dhe thoni \u00ebsht\u00eb e falsifikuar.<\/p>","protected":false},"excerpt":{"rendered":"<p>Gazmend Bardhi ka folur n\u00eb foltore pasi Kuvendi rr\u00ebzoi k\u00ebrkes\u00ebn p\u00ebr ngritjen e nj\u00eb Komisioni Hetimor p\u00ebr investimet strategjike Bardhi tha se sipas ligjit mjaftojn\u00eb 5 firma p\u00ebr shqyrtimin n\u00eb seanc\u00eb p\u00ebr ngritjen e Komisionit Hetimor, nd\u00ebrsa shtoi se pas terheqjes s\u00eb firm\u00ebs se Agron Duk\u00ebs ata kan\u00eb depozituar nga\u00a0 e para k\u00ebrkes\u00ebn me 36 [&hellip;]<\/p>\n","protected":false},"author":2020,"featured_media":263626,"comment_status":"closed","ping_status":"closed","sticky":false,"template":"","format":"standard","meta":{"footnotes":""},"categories":[241,5380,231],"tags":[],"class_list":{"0":"post-263625","1":"post","2":"type-post","3":"status-publish","4":"format-standard","5":"has-post-thumbnail","7":"category-aktualitet","8":"category-kryesore","9":"category-lajme"},"_links":{"self":[{"href":"https:\/\/zjarr.tv\/en\/wp-json\/wp\/v2\/posts\/263625","targetHints":{"allow":["GET"]}}],"collection":[{"href":"https:\/\/zjarr.tv\/en\/wp-json\/wp\/v2\/posts"}],"about":[{"href":"https:\/\/zjarr.tv\/en\/wp-json\/wp\/v2\/types\/post"}],"author":[{"embeddable":true,"href":"https:\/\/zjarr.tv\/en\/wp-json\/wp\/v2\/users\/2020"}],"replies":[{"embeddable":true,"href":"https:\/\/zjarr.tv\/en\/wp-json\/wp\/v2\/comments?post=263625"}],"version-history":[{"count":0,"href":"https:\/\/zjarr.tv\/en\/wp-json\/wp\/v2\/posts\/263625\/revisions"}],"wp:featuredmedia":[{"embeddable":true,"href":"https:\/\/zjarr.tv\/en\/wp-json\/wp\/v2\/media\/263626"}],"wp:attachment":[{"href":"https:\/\/zjarr.tv\/en\/wp-json\/wp\/v2\/media?parent=263625"}],"wp:term":[{"taxonomy":"category","embeddable":true,"href":"https:\/\/zjarr.tv\/en\/wp-json\/wp\/v2\/categories?post=263625"},{"taxonomy":"post_tag","embeddable":true,"href":"https:\/\/zjarr.tv\/en\/wp-json\/wp\/v2\/tags?post=263625"}],"curies":[{"name":"wp","href":"https:\/\/api.w.org\/{rel}","templated":true}]}}