{"id":263628,"date":"2022-06-09T11:51:44","date_gmt":"2022-06-09T09:51:44","guid":{"rendered":"https:\/\/zjarr.tv\/?p=263628"},"modified":"2022-06-09T11:51:44","modified_gmt":"2022-06-09T09:51:44","slug":"belinda-balluku-miratuam-ndertimin-e-2-parqeve-fotovoltaike-ne-korce","status":"publish","type":"post","link":"https:\/\/zjarr.tv\/en\/belinda-balluku-miratuam-ndertimin-e-2-parqeve-fotovoltaike-ne-korce\/","title":{"rendered":"Belinda Balluku: Miratuam nd\u00ebrtimin e 2 parqeve fotovoltaike n\u00eb Kor\u00e7\u00eb"},"content":{"rendered":"<p>Minitrja e Infrastruktur\u00ebs, Belinda Balluku ka folur p\u00ebr vendimet e marra n\u00eb mbledhjen e qeveris\u00eb.<\/p>\n<p>Ajo tha se jan\u00eb miratuar nd\u00ebrtimet e dy parqeve fotovoltaike n\u00eb Kor\u00e7\u00eb, ku secili do t\u00eb prodhoj\u00eb nga 20 megavator. Sipas Ballukut 2% e prodhimit t\u00eb energjis\u00eb n\u00eb k\u00ebto parqe do t\u2019i kaloj\u00eb shtetit.<\/p>\n<p>\u201cKemi miratuar dy parqe fotovoltaike n\u00eb Kor\u00e7\u00eb . Me 20 megavator. Investim totalisht privat\u00a0 total 40 megavator. \u00cbsht\u00eb nj\u00eb investim nga entitetet vendase, por \u00ebsht\u00eb nj\u00eb situat\u00eb t\u00eb v\u00ebshtir\u00eb energjetike. Iniciativa t\u00eb tilla mb\u00ebshteten, p\u00ebr nd\u00ebrtimin dhe procedurat burokratike. Shteti shqiptar p\u00ebrfiton se 2% e produktit i jepet shteti n\u00eb form\u00eb pagese.<\/p>\n<p>\u00cbsht\u00eb nj\u00eb projekt tjet\u00ebr. P\u00ebr prodhimin e hidrokarbureve n\u00eb Frakull dhe Polvelsh. N\u00eb fund t\u00eb jet\u00ebs s\u00eb tyre kalon tek entiteti i privat\u00ebve. N\u00eb k\u00ebto dy burime do investohen 500 mij\u00eb dollar p\u00ebr secilin vend burim\u201d, tha Balluku.<\/p>","protected":false},"excerpt":{"rendered":"<p>Minitrja e Infrastruktur\u00ebs, Belinda Balluku ka folur p\u00ebr vendimet e marra n\u00eb mbledhjen e qeveris\u00eb. Ajo tha se jan\u00eb miratuar nd\u00ebrtimet e dy parqeve fotovoltaike n\u00eb Kor\u00e7\u00eb, ku secili do t\u00eb prodhoj\u00eb nga 20 megavator. Sipas Ballukut 2% e prodhimit t\u00eb energjis\u00eb n\u00eb k\u00ebto parqe do t\u2019i kaloj\u00eb shtetit. \u201cKemi miratuar dy parqe fotovoltaike n\u00eb [&hellip;]<\/p>\n","protected":false},"author":2020,"featured_media":263629,"comment_status":"closed","ping_status":"closed","sticky":false,"template":"","format":"standard","meta":{"footnotes":""},"categories":[241,5380,231],"tags":[],"class_list":{"0":"post-263628","1":"post","2":"type-post","3":"status-publish","4":"format-standard","5":"has-post-thumbnail","7":"category-aktualitet","8":"category-kryesore","9":"category-lajme"},"_links":{"self":[{"href":"https:\/\/zjarr.tv\/en\/wp-json\/wp\/v2\/posts\/263628","targetHints":{"allow":["GET"]}}],"collection":[{"href":"https:\/\/zjarr.tv\/en\/wp-json\/wp\/v2\/posts"}],"about":[{"href":"https:\/\/zjarr.tv\/en\/wp-json\/wp\/v2\/types\/post"}],"author":[{"embeddable":true,"href":"https:\/\/zjarr.tv\/en\/wp-json\/wp\/v2\/users\/2020"}],"replies":[{"embeddable":true,"href":"https:\/\/zjarr.tv\/en\/wp-json\/wp\/v2\/comments?post=263628"}],"version-history":[{"count":0,"href":"https:\/\/zjarr.tv\/en\/wp-json\/wp\/v2\/posts\/263628\/revisions"}],"wp:featuredmedia":[{"embeddable":true,"href":"https:\/\/zjarr.tv\/en\/wp-json\/wp\/v2\/media\/263629"}],"wp:attachment":[{"href":"https:\/\/zjarr.tv\/en\/wp-json\/wp\/v2\/media?parent=263628"}],"wp:term":[{"taxonomy":"category","embeddable":true,"href":"https:\/\/zjarr.tv\/en\/wp-json\/wp\/v2\/categories?post=263628"},{"taxonomy":"post_tag","embeddable":true,"href":"https:\/\/zjarr.tv\/en\/wp-json\/wp\/v2\/tags?post=263628"}],"curies":[{"name":"wp","href":"https:\/\/api.w.org\/{rel}","templated":true}]}}