{"id":263634,"date":"2022-06-09T12:04:08","date_gmt":"2022-06-09T10:04:08","guid":{"rendered":"https:\/\/zjarr.tv\/?p=263634"},"modified":"2022-06-09T12:04:08","modified_gmt":"2022-06-09T10:04:08","slug":"bamir-topi-flet-pas-takimit-me-bajram-begajn-pashe-premisat-per-nje-presidence-dinjitoze-ne-5-vitet-e-ardhshme","status":"publish","type":"post","link":"https:\/\/zjarr.tv\/en\/bamir-topi-flet-pas-takimit-me-bajram-begajn-pashe-premisat-per-nje-presidence-dinjitoze-ne-5-vitet-e-ardhshme\/","title":{"rendered":"Bamir Topi flet pas takimit me Bajram Begajn: Pash\u00eb premisat p\u00ebr nj\u00eb presidenc\u00eb dinjitoze n\u00eb 5 vitet e ardhshme"},"content":{"rendered":"<p>Ish-presidenti Bamir Topi ka folur pas takimit me presidentin e zgjedhur Bajram Begaj.<\/p>\n<p>Topi past takimit tha se takimi ishte miq\u00ebsor dhe se pa se Begaj kishte premisa p\u00ebr nj\u00eb presidenc\u00eb dinjitoze n\u00eb k\u00ebto 5 vite.<\/p>\n<p>\u201cTakimi miq\u00ebsor dhe kortezial. Pash\u00eb premisat p\u00ebr nj\u00eb presidenc\u00eb dinjitoze n\u00eb k\u00ebto 5 vite, n\u00eb funksion t\u00eb institucionit dhe t\u00eb integritetit personal. Diskutuam p\u00ebr situat\u00ebn n\u00eb rajon, luft\u00ebn n\u00eb Ukrain\u00eb, nevoj\u00ebn p\u00ebr forcimin e marr\u00ebdh\u00ebnieve dhe aleancave euro-atlantike\u201d tha Topi p\u00ebr \u201creport tv\u201d.<\/p>\n<p>Kujtojm\u00eb q\u00eb Begaj zhvilloi takim me ish-president\u00ebt, Alfred Moisiu, Rexhep Mejdani dhe Bamir Topi. Takim q\u00eb zgjati rreth 90 minuta.<\/p>","protected":false},"excerpt":{"rendered":"<p>Ish-presidenti Bamir Topi ka folur pas takimit me presidentin e zgjedhur Bajram Begaj. Topi past takimit tha se takimi ishte miq\u00ebsor dhe se pa se Begaj kishte premisa p\u00ebr nj\u00eb presidenc\u00eb dinjitoze n\u00eb k\u00ebto 5 vite. \u201cTakimi miq\u00ebsor dhe kortezial. Pash\u00eb premisat p\u00ebr nj\u00eb presidenc\u00eb dinjitoze n\u00eb k\u00ebto 5 vite, n\u00eb funksion t\u00eb institucionit dhe [&hellip;]<\/p>\n","protected":false},"author":2020,"featured_media":263635,"comment_status":"closed","ping_status":"closed","sticky":false,"template":"","format":"standard","meta":{"footnotes":""},"categories":[241,5380,231],"tags":[],"class_list":{"0":"post-263634","1":"post","2":"type-post","3":"status-publish","4":"format-standard","5":"has-post-thumbnail","7":"category-aktualitet","8":"category-kryesore","9":"category-lajme"},"_links":{"self":[{"href":"https:\/\/zjarr.tv\/en\/wp-json\/wp\/v2\/posts\/263634","targetHints":{"allow":["GET"]}}],"collection":[{"href":"https:\/\/zjarr.tv\/en\/wp-json\/wp\/v2\/posts"}],"about":[{"href":"https:\/\/zjarr.tv\/en\/wp-json\/wp\/v2\/types\/post"}],"author":[{"embeddable":true,"href":"https:\/\/zjarr.tv\/en\/wp-json\/wp\/v2\/users\/2020"}],"replies":[{"embeddable":true,"href":"https:\/\/zjarr.tv\/en\/wp-json\/wp\/v2\/comments?post=263634"}],"version-history":[{"count":0,"href":"https:\/\/zjarr.tv\/en\/wp-json\/wp\/v2\/posts\/263634\/revisions"}],"wp:featuredmedia":[{"embeddable":true,"href":"https:\/\/zjarr.tv\/en\/wp-json\/wp\/v2\/media\/263635"}],"wp:attachment":[{"href":"https:\/\/zjarr.tv\/en\/wp-json\/wp\/v2\/media?parent=263634"}],"wp:term":[{"taxonomy":"category","embeddable":true,"href":"https:\/\/zjarr.tv\/en\/wp-json\/wp\/v2\/categories?post=263634"},{"taxonomy":"post_tag","embeddable":true,"href":"https:\/\/zjarr.tv\/en\/wp-json\/wp\/v2\/tags?post=263634"}],"curies":[{"name":"wp","href":"https:\/\/api.w.org\/{rel}","templated":true}]}}