{"id":263637,"date":"2022-06-09T12:10:34","date_gmt":"2022-06-09T10:10:34","guid":{"rendered":"https:\/\/zjarr.tv\/?p=263637"},"modified":"2022-06-09T12:10:34","modified_gmt":"2022-06-09T10:10:34","slug":"i-hodhen-ne-ere-dyqanin-zbardhet-deshmia-e-noizyt-isha-ne-gjume-kur","status":"publish","type":"post","link":"https:\/\/zjarr.tv\/en\/i-hodhen-ne-ere-dyqanin-zbardhet-deshmia-e-noizyt-isha-ne-gjume-kur\/","title":{"rendered":"I hodh\u00ebn n\u00eb er\u00eb dyqanin, zbardhet d\u00ebshmia e Noizyt: Isha n\u00eb gjum\u00eb kur\u2026"},"content":{"rendered":"<p>\u00cbsht\u00eb zbardhur d\u00ebshmia e reperit Noizy, t\u00eb cilit m\u00ebngjesin e djesh\u00ebm nj\u00eb sasi tritoli ka shp\u00ebrthyer n\u00eb dyqanin \u2018Illyrian\u2019, n\u00eb pron\u00ebsi t\u00eb babait t\u00eb Noizyt, Bashkim Rajkut, ku si pasoj\u00eb e shp\u00ebrthimit \u00ebsht\u00eb d\u00ebmtuar edhe lokali \u201cRigels Shisha Lounge\u201d.<\/p>\n<p>N\u00eb d\u00ebshmin\u00eb e dh\u00ebn\u00eb para uniformave blu m\u00ebsohet se reperi ka th\u00ebn\u00eb\u00a0 se ishte n\u00eb gjum\u00eb kur ndodhi ngjarja dhe se kishte pasur nj\u00eb sherr me Kleviol Ahemtaj ose i njohur ndryshe me emrin e artit \u201cCllevio Serbiano\u201d.<\/p>\n<p>\u201cKur ka ndodhur shp\u00ebrthimi un\u00eb isha n\u00eb gjum\u00eb. Nuk kam ndonj\u00eb ide se kush mund t\u00eb jet\u00eb autori, por dy dit\u00eb m\u00eb par\u00eb pat\u00ebm p\u00ebrplasje fizike me Cllevio (Kleviol Ahmetin). Nuk kam konflikte t\u00eb tjera.\u201d, ka th\u00ebn\u00eb ai.<\/p>\n<p>Dy dit\u00eb m\u00eb par\u00eb Noizy dhe Cllevio pat\u00ebn nj\u00eb konflikt, i cili p\u00ebrfundoi n\u00eb dhun\u00eb. N\u00eb videot e postuara n\u00eb rrjet shihej qart\u00eb se si Noizy dhunonte reperin i cili si pasoj\u00eb e grushtave t\u00eb marr\u00eb ka p\u00ebsuar mpiksje gjaku n\u00eb kok\u00eb.<\/p>","protected":false},"excerpt":{"rendered":"<p>\u00cbsht\u00eb zbardhur d\u00ebshmia e reperit Noizy, t\u00eb cilit m\u00ebngjesin e djesh\u00ebm nj\u00eb sasi tritoli ka shp\u00ebrthyer n\u00eb dyqanin \u2018Illyrian\u2019, n\u00eb pron\u00ebsi t\u00eb babait t\u00eb Noizyt, Bashkim Rajkut, ku si pasoj\u00eb e shp\u00ebrthimit \u00ebsht\u00eb d\u00ebmtuar edhe lokali \u201cRigels Shisha Lounge\u201d. N\u00eb d\u00ebshmin\u00eb e dh\u00ebn\u00eb para uniformave blu m\u00ebsohet se reperi ka th\u00ebn\u00eb\u00a0 se ishte n\u00eb gjum\u00eb [&hellip;]<\/p>\n","protected":false},"author":2020,"featured_media":263638,"comment_status":"closed","ping_status":"closed","sticky":false,"template":"","format":"standard","meta":{"footnotes":""},"categories":[241,5380,231],"tags":[],"class_list":{"0":"post-263637","1":"post","2":"type-post","3":"status-publish","4":"format-standard","5":"has-post-thumbnail","7":"category-aktualitet","8":"category-kryesore","9":"category-lajme"},"_links":{"self":[{"href":"https:\/\/zjarr.tv\/en\/wp-json\/wp\/v2\/posts\/263637","targetHints":{"allow":["GET"]}}],"collection":[{"href":"https:\/\/zjarr.tv\/en\/wp-json\/wp\/v2\/posts"}],"about":[{"href":"https:\/\/zjarr.tv\/en\/wp-json\/wp\/v2\/types\/post"}],"author":[{"embeddable":true,"href":"https:\/\/zjarr.tv\/en\/wp-json\/wp\/v2\/users\/2020"}],"replies":[{"embeddable":true,"href":"https:\/\/zjarr.tv\/en\/wp-json\/wp\/v2\/comments?post=263637"}],"version-history":[{"count":0,"href":"https:\/\/zjarr.tv\/en\/wp-json\/wp\/v2\/posts\/263637\/revisions"}],"wp:featuredmedia":[{"embeddable":true,"href":"https:\/\/zjarr.tv\/en\/wp-json\/wp\/v2\/media\/263638"}],"wp:attachment":[{"href":"https:\/\/zjarr.tv\/en\/wp-json\/wp\/v2\/media?parent=263637"}],"wp:term":[{"taxonomy":"category","embeddable":true,"href":"https:\/\/zjarr.tv\/en\/wp-json\/wp\/v2\/categories?post=263637"},{"taxonomy":"post_tag","embeddable":true,"href":"https:\/\/zjarr.tv\/en\/wp-json\/wp\/v2\/tags?post=263637"}],"curies":[{"name":"wp","href":"https:\/\/api.w.org\/{rel}","templated":true}]}}