{"id":263640,"date":"2022-06-09T12:16:46","date_gmt":"2022-06-09T10:16:46","guid":{"rendered":"https:\/\/zjarr.tv\/?p=263640"},"modified":"2022-06-09T12:16:46","modified_gmt":"2022-06-09T10:16:46","slug":"debati-per-rritjen-e-cmimeve-rama-une-pa-shkolle-jam-nuk-hyj-dot-te-debati-per-stagflacionin-jemi-me-mire-se-te-gjitha-vendet-e-rajonit","status":"publish","type":"post","link":"https:\/\/zjarr.tv\/en\/debati-per-rritjen-e-cmimeve-rama-une-pa-shkolle-jam-nuk-hyj-dot-te-debati-per-stagflacionin-jemi-me-mire-se-te-gjitha-vendet-e-rajonit\/","title":{"rendered":"Debati p\u00ebr rritjen e \u00e7mimeve, Rama: Un\u00eb pa shkoll\u00eb jam, nuk hyj dot te debati p\u00ebr stagflacionin! Jemi m\u00eb mir\u00eb se t\u00eb gjitha vendet e rajonit"},"content":{"rendered":"<p>Kryeministri Edi Rama i \u00ebsht\u00eb p\u00ebrgjigjur akuzave t\u00eb deputetes Jorida Tabaku, e cila tha se rritja e \u00e7mimeve n\u00eb Shqip\u00ebri \u00ebsht\u00eb e pa p\u00ebrballueshme p\u00ebr qytetar\u00ebt, dhe ekonomia rrezikon t\u00eb futet n\u00eb stagflacion.<\/p>\n<p>Rama tha se n\u00ebn qeverisjen e tij Shqip\u00ebria e ka p\u00ebrballuar m\u00eb mir\u00eb se t\u00eb gjitha vendet e tjera t\u00eb rajonit kriz\u00ebn e shkaktuar si pasoj\u00eb e mungesave n\u00eb treg, si efekt i luft\u00ebs n\u00eb Ukrain\u00eb.<\/p>\n<p>Kreu i qeveris\u00eb pretendon se mbajtja e parritur e \u00e7mimit t\u00eb energjis\u00eb elektrike, dhe rritja e prodhimit t\u00eb brendsh\u00ebm, kan\u00eb b\u00ebr\u00eb t\u00eb mundur mbajtjen e inflacionit n\u00eb nivelet e 6.2-6,7%, nd\u00ebrkoh\u00eb q\u00eb sipas tij vendet e rajonit e kan\u00eb shifr\u00ebn mbi 10%.<\/p>\n<p>Edi Rama:<\/p>\n<p>\u00cbsht\u00eb e dobishme q\u00eb t\u00eb flasim p\u00ebr jet\u00ebn e p\u00ebrditshme t\u00eb njer\u00ebzve, dhe duke qen\u00eb se un\u00eb nuk kam shkoll\u00eb dhe ju jeni me shkoll\u00eb, un\u00eb nuk hyj dot te debati juaj p\u00ebr stagflacionin. Por po marr me radh\u00eb disa nga gj\u00ebrat q\u00eb that\u00eb ju, meq\u00ebn\u00ebse ju flisni me shifra, do t\u00eb isha shum\u00eb mir\u00ebnjoh\u00ebs se ku i keni gjetur shifrat e INSTAT, q\u00eb un\u00eb i kam p\u00ebrpara. Inflacioni n\u00eb Shqip\u00ebri \u00ebsht\u00eb rritur, m\u00eb pak se n\u00eb t\u00eb gjitha vendet e rajonit.<\/p>\n<p>A ka vall\u00eb ndonj\u00eb arsye se pse Shqip\u00ebria \u00ebsht\u00eb n\u00eb gjysm\u00ebn e rajonit sa i takon inflacionit. Mbase ka m\u00eb shum\u00eb arsye se ato q\u00eb un\u00eb mund t\u00eb them k\u00ebtu, por s\u00eb paku jan\u00eb dy arsye t\u00eb r\u00ebnd\u00ebsishme, vet\u00ebm n\u00eb Shqip\u00ebri, si askund tjet\u00ebr n\u00eb rajin \u00e7mimi i energjis\u00eb mbahet nj\u00ebsoj si p\u00ebrpara simptomave t\u00eb kriz\u00ebs, dhe sot nafta \u00ebsht\u00eb patjet\u00ebr komponent, por en\u00ebergjia p\u00ebr t\u00eb cil\u00ebn ne vazhdojm\u00eb q\u00eb t\u00eb paguajm\u00eb nga buxheti shtetit, \u00ebsht\u00eb arsyeja se pse vazhdojm\u00eb q\u00eb t\u00eb kemi k\u00ebr\u00eb norma inflacioni.<\/p>\n<p>Dhe e dyta \u00ebsht\u00eb rritja e prodhimit t\u00eb brendsh\u00ebm. Vet\u00ebm p\u00ebr eksportet me Serbin\u00eb dhe Maqedonin\u00eb, kemi nj\u00eb rritje shum\u00eb dometh\u00ebn\u00ebse, thuajse dyfish n\u00eb aspektin e fondeve. Kjo p\u00ebr inflacionin, ju fol\u00ebt nj\u00eb 30% q\u00eb m\u00eb kujtoi at\u00eb t\u00eb 430 milion\u00ebshit, ku kemi pasur nj\u00eb ballafaqim s\u00eb bashku, ju n\u00eb rolin e prokurores dhe un\u00eb n\u00eb rolin e d\u00ebshmitarit.<\/p>","protected":false},"excerpt":{"rendered":"<p>Kryeministri Edi Rama i \u00ebsht\u00eb p\u00ebrgjigjur akuzave t\u00eb deputetes Jorida Tabaku, e cila tha se rritja e \u00e7mimeve n\u00eb Shqip\u00ebri \u00ebsht\u00eb e pa p\u00ebrballueshme p\u00ebr qytetar\u00ebt, dhe ekonomia rrezikon t\u00eb futet n\u00eb stagflacion. Rama tha se n\u00ebn qeverisjen e tij Shqip\u00ebria e ka p\u00ebrballuar m\u00eb mir\u00eb se t\u00eb gjitha vendet e tjera t\u00eb rajonit kriz\u00ebn [&hellip;]<\/p>\n","protected":false},"author":2020,"featured_media":263641,"comment_status":"closed","ping_status":"closed","sticky":false,"template":"","format":"standard","meta":{"footnotes":""},"categories":[241,5380,231],"tags":[],"class_list":{"0":"post-263640","1":"post","2":"type-post","3":"status-publish","4":"format-standard","5":"has-post-thumbnail","7":"category-aktualitet","8":"category-kryesore","9":"category-lajme"},"_links":{"self":[{"href":"https:\/\/zjarr.tv\/en\/wp-json\/wp\/v2\/posts\/263640","targetHints":{"allow":["GET"]}}],"collection":[{"href":"https:\/\/zjarr.tv\/en\/wp-json\/wp\/v2\/posts"}],"about":[{"href":"https:\/\/zjarr.tv\/en\/wp-json\/wp\/v2\/types\/post"}],"author":[{"embeddable":true,"href":"https:\/\/zjarr.tv\/en\/wp-json\/wp\/v2\/users\/2020"}],"replies":[{"embeddable":true,"href":"https:\/\/zjarr.tv\/en\/wp-json\/wp\/v2\/comments?post=263640"}],"version-history":[{"count":0,"href":"https:\/\/zjarr.tv\/en\/wp-json\/wp\/v2\/posts\/263640\/revisions"}],"wp:featuredmedia":[{"embeddable":true,"href":"https:\/\/zjarr.tv\/en\/wp-json\/wp\/v2\/media\/263641"}],"wp:attachment":[{"href":"https:\/\/zjarr.tv\/en\/wp-json\/wp\/v2\/media?parent=263640"}],"wp:term":[{"taxonomy":"category","embeddable":true,"href":"https:\/\/zjarr.tv\/en\/wp-json\/wp\/v2\/categories?post=263640"},{"taxonomy":"post_tag","embeddable":true,"href":"https:\/\/zjarr.tv\/en\/wp-json\/wp\/v2\/tags?post=263640"}],"curies":[{"name":"wp","href":"https:\/\/api.w.org\/{rel}","templated":true}]}}