{"id":263643,"date":"2022-06-09T12:48:36","date_gmt":"2022-06-09T10:48:36","guid":{"rendered":"https:\/\/zjarr.tv\/?p=263643"},"modified":"2022-06-09T12:48:36","modified_gmt":"2022-06-09T10:48:36","slug":"nikolla-si-jep-fjalen-berishes-debate-ne-kuvend-rama-per-non-gratat-nuk-ka-nderhyn-edhe-noka-kush-je-ti","status":"publish","type":"post","link":"https:\/\/zjarr.tv\/en\/nikolla-si-jep-fjalen-berishes-debate-ne-kuvend-rama-per-non-gratat-nuk-ka-nderhyn-edhe-noka-kush-je-ti\/","title":{"rendered":"Nikolla si jep fjal\u00ebn Berish\u00ebs, debate n\u00eb Kuvend, Rama: P\u00ebr non gratat nuk ka\u2026 (Nd\u00ebrhyn edhe Noka: Kush je ti?)"},"content":{"rendered":"<p>Debate t\u00eb forta jan\u00eb sh\u00ebnuar n\u00eb Kuvend mes Sali Berish\u00ebs, Edi Ram\u00ebs dhe Lindita Nikoll\u00ebs, me k\u00ebt\u00eb t\u00eb fundit q\u00eb refuzoi q\u00eb ti jepte fjal\u00ebn p\u00ebr procedur\u00eb ish-kryeministrit.<\/p>\n<p>Megjith\u00eb insistimin e Berish\u00ebs p\u00ebr t\u00eb marr\u00eb fjal\u00ebn, dhe pas tij edhe Flamur Nok\u00ebs, Nikolla u detyrua q\u00eb n\u00eb nj\u00ebfar\u00eb forme ti bindej Ram\u00ebs, i cili nga karrigia e tij p\u00ebrs\u00ebriste se p\u00ebr personat non grata nuk kishte t\u00eb drejt\u00eb p\u00ebr procedur\u00eb.<\/p>\n<p>Pjes\u00eb nga debatet:<\/p>\n<p>Berisha: Turp, akt i turpsh\u00ebm!<\/p>\n<p>Rama: Nuk \u00ebsht\u00eb turp p\u00ebr non-gratat! Ti je i pad\u00ebshiruar. Ti je non-grata. Jo parlamenti jo, por ty se je non grata.<\/p>\n<p>Noka: Kush je ti q\u00eb e vendos se kush do t\u00eb flas\u00eb dhe kush jo?<\/p>\n<p>Menj\u00ebher\u00eb pas refuzimit t\u00eb Nikoll\u00ebs p\u00ebr ti dh\u00ebn\u00eb fjal\u00ebn Berish\u00ebs, n\u00eb foltore mbajti fjalimin e tij kreu i PR-s\u00eb Fatmir Mediu.<\/p>\n<p>Kjo \u00ebsht\u00eb nj\u00eb nga t\u00eb paktat p\u00ebrballje mes Ram\u00ebs dhe Berish\u00ebs, pas rikthimit t\u00eb k\u00ebtij t\u00eb fundit\u00a0 n\u00eb krye t\u00eb Partis\u00eb Demokratike, edhe pse nuk ka nj\u00eb vendim t\u00eb form\u00ebs s\u00eb prer\u00eb nga Gjykata e Apelit.<\/p>","protected":false},"excerpt":{"rendered":"<p>Debate t\u00eb forta jan\u00eb sh\u00ebnuar n\u00eb Kuvend mes Sali Berish\u00ebs, Edi Ram\u00ebs dhe Lindita Nikoll\u00ebs, me k\u00ebt\u00eb t\u00eb fundit q\u00eb refuzoi q\u00eb ti jepte fjal\u00ebn p\u00ebr procedur\u00eb ish-kryeministrit. Megjith\u00eb insistimin e Berish\u00ebs p\u00ebr t\u00eb marr\u00eb fjal\u00ebn, dhe pas tij edhe Flamur Nok\u00ebs, Nikolla u detyrua q\u00eb n\u00eb nj\u00ebfar\u00eb forme ti bindej Ram\u00ebs, i cili nga [&hellip;]<\/p>\n","protected":false},"author":2020,"featured_media":263644,"comment_status":"closed","ping_status":"closed","sticky":false,"template":"","format":"standard","meta":{"footnotes":""},"categories":[241,5380,231],"tags":[],"class_list":{"0":"post-263643","1":"post","2":"type-post","3":"status-publish","4":"format-standard","5":"has-post-thumbnail","7":"category-aktualitet","8":"category-kryesore","9":"category-lajme"},"_links":{"self":[{"href":"https:\/\/zjarr.tv\/en\/wp-json\/wp\/v2\/posts\/263643","targetHints":{"allow":["GET"]}}],"collection":[{"href":"https:\/\/zjarr.tv\/en\/wp-json\/wp\/v2\/posts"}],"about":[{"href":"https:\/\/zjarr.tv\/en\/wp-json\/wp\/v2\/types\/post"}],"author":[{"embeddable":true,"href":"https:\/\/zjarr.tv\/en\/wp-json\/wp\/v2\/users\/2020"}],"replies":[{"embeddable":true,"href":"https:\/\/zjarr.tv\/en\/wp-json\/wp\/v2\/comments?post=263643"}],"version-history":[{"count":0,"href":"https:\/\/zjarr.tv\/en\/wp-json\/wp\/v2\/posts\/263643\/revisions"}],"wp:featuredmedia":[{"embeddable":true,"href":"https:\/\/zjarr.tv\/en\/wp-json\/wp\/v2\/media\/263644"}],"wp:attachment":[{"href":"https:\/\/zjarr.tv\/en\/wp-json\/wp\/v2\/media?parent=263643"}],"wp:term":[{"taxonomy":"category","embeddable":true,"href":"https:\/\/zjarr.tv\/en\/wp-json\/wp\/v2\/categories?post=263643"},{"taxonomy":"post_tag","embeddable":true,"href":"https:\/\/zjarr.tv\/en\/wp-json\/wp\/v2\/tags?post=263643"}],"curies":[{"name":"wp","href":"https:\/\/api.w.org\/{rel}","templated":true}]}}