{"id":263655,"date":"2022-06-09T13:13:04","date_gmt":"2022-06-09T11:13:04","guid":{"rendered":"https:\/\/zjarr.tv\/?p=263655"},"modified":"2022-06-09T13:13:04","modified_gmt":"2022-06-09T11:13:04","slug":"presidenti-meta-takim-me-ambasadorin-e-turqise-i-bindur-per-perparimin-e-marredhenieve-midis-dy-popujve","status":"publish","type":"post","link":"https:\/\/zjarr.tv\/en\/presidenti-meta-takim-me-ambasadorin-e-turqise-i-bindur-per-perparimin-e-marredhenieve-midis-dy-popujve\/","title":{"rendered":"Presidenti Meta takim me ambasadorin e Turqis\u00eb: I bindur p\u00ebr p\u00ebrparimin e marr\u00ebdh\u00ebnieve midis dy popujve"},"content":{"rendered":"<p>Presidenti i vendit, Ilir Meta, priti n\u00eb nj\u00eb takim lamtumire Ambasadorin e Republik\u00ebs s\u00eb Turqis\u00eb, Murat Ahmet Yoruk me rastin e p\u00ebrfundimit t\u00eb mandatit diplomatik n\u00eb Shqip\u00ebri.<\/p>\n<p>Meta shprehet i bindur p\u00ebr p\u00ebrparimin e marr\u00ebdh\u00ebnieve mes dy vendeve \u201cn\u00eb respekt t\u00eb tradit\u00ebs dhe lidhjeve historike\u201d.<\/p>\n<p>\u201cVler\u00ebsova angazhimin e tij n\u00eb forcimin e marr\u00ebdh\u00ebnieve midis dy popujve tan\u00eb dhe shpreha bindjen p\u00ebr p\u00ebrparimin e m\u00ebtejsh\u00ebm t\u00eb tyre n\u00eb respekt t\u00eb tradit\u00ebs dhe lidhjeve historike, por edhe t\u00eb interesave t\u00eb p\u00ebrbashk\u00ebta t\u00eb Shqip\u00ebris\u00eb dhe Turqis\u00eb\u201d, shkruan kreu i shtetit n\u00eb nj\u00eb postim n\u00eb rrjetet sociale.<\/p>","protected":false},"excerpt":{"rendered":"<p>Presidenti i vendit, Ilir Meta, priti n\u00eb nj\u00eb takim lamtumire Ambasadorin e Republik\u00ebs s\u00eb Turqis\u00eb, Murat Ahmet Yoruk me rastin e p\u00ebrfundimit t\u00eb mandatit diplomatik n\u00eb Shqip\u00ebri. Meta shprehet i bindur p\u00ebr p\u00ebrparimin e marr\u00ebdh\u00ebnieve mes dy vendeve \u201cn\u00eb respekt t\u00eb tradit\u00ebs dhe lidhjeve historike\u201d. \u201cVler\u00ebsova angazhimin e tij n\u00eb forcimin e marr\u00ebdh\u00ebnieve midis dy [&hellip;]<\/p>\n","protected":false},"author":2020,"featured_media":263656,"comment_status":"closed","ping_status":"closed","sticky":false,"template":"","format":"standard","meta":{"footnotes":""},"categories":[241,5380,231],"tags":[],"class_list":{"0":"post-263655","1":"post","2":"type-post","3":"status-publish","4":"format-standard","5":"has-post-thumbnail","7":"category-aktualitet","8":"category-kryesore","9":"category-lajme"},"_links":{"self":[{"href":"https:\/\/zjarr.tv\/en\/wp-json\/wp\/v2\/posts\/263655","targetHints":{"allow":["GET"]}}],"collection":[{"href":"https:\/\/zjarr.tv\/en\/wp-json\/wp\/v2\/posts"}],"about":[{"href":"https:\/\/zjarr.tv\/en\/wp-json\/wp\/v2\/types\/post"}],"author":[{"embeddable":true,"href":"https:\/\/zjarr.tv\/en\/wp-json\/wp\/v2\/users\/2020"}],"replies":[{"embeddable":true,"href":"https:\/\/zjarr.tv\/en\/wp-json\/wp\/v2\/comments?post=263655"}],"version-history":[{"count":0,"href":"https:\/\/zjarr.tv\/en\/wp-json\/wp\/v2\/posts\/263655\/revisions"}],"wp:featuredmedia":[{"embeddable":true,"href":"https:\/\/zjarr.tv\/en\/wp-json\/wp\/v2\/media\/263656"}],"wp:attachment":[{"href":"https:\/\/zjarr.tv\/en\/wp-json\/wp\/v2\/media?parent=263655"}],"wp:term":[{"taxonomy":"category","embeddable":true,"href":"https:\/\/zjarr.tv\/en\/wp-json\/wp\/v2\/categories?post=263655"},{"taxonomy":"post_tag","embeddable":true,"href":"https:\/\/zjarr.tv\/en\/wp-json\/wp\/v2\/tags?post=263655"}],"curies":[{"name":"wp","href":"https:\/\/api.w.org\/{rel}","templated":true}]}}