{"id":263658,"date":"2022-06-09T13:18:51","date_gmt":"2022-06-09T11:18:51","guid":{"rendered":"https:\/\/zjarr.tv\/?p=263658"},"modified":"2022-06-09T13:18:51","modified_gmt":"2022-06-09T11:18:51","slug":"samiti-i-ohrit-berisha-skllavi-i-vucicit-shkelmoi-mbi-gjakun-e-mijera-shqiptareve-ne-kosove","status":"publish","type":"post","link":"https:\/\/zjarr.tv\/en\/samiti-i-ohrit-berisha-skllavi-i-vucicit-shkelmoi-mbi-gjakun-e-mijera-shqiptareve-ne-kosove\/","title":{"rendered":"Samiti i Ohrit\/ Berisha: Skllavi i Vu\u00e7i\u00e7it shkelmoi mbi gjakun e mij\u00ebra shqiptar\u00ebve n\u00eb Kosov\u00eb"},"content":{"rendered":"<p>Kryetari i PD, Sali Berisha, u ndal n\u00eb Kuvend edhe te Samiti i Ohrit dhe p\u00ebrqeshja q\u00eb i b\u00ebri kryeministri Edi Rama viktimave t\u00eb luft\u00ebs n\u00eb Kosov\u00eb.<\/p>\n<p>\u201cShkon n\u00eb Oh\u00ebr, shkelmon mbi jet\u00ebn, vdekjen, gjakun dhe sakrificat e 12 mij\u00eb shqiptar\u00ebve n\u00eb Kosov\u00eb. Ky \u00ebsht\u00eb padroni i gjakut t\u00eb tyre. Po \u00e7\u2019t\u00eb drejt\u00eb ka ky, t\u00eb flas\u00eb n\u00eb em\u00ebr t\u00eb t\u00eb vdekurve n\u00eb Kosov\u00eb? \u00c7far\u00eb t\u00eb drejte ka kryeministri i Shqip\u00ebris\u00eb, n\u00eb nj\u00eb akt \u00e7njer\u00ebzor, t\u00eb krahasoj\u00eb viktimat e gjenocidit serb me ata t\u00eb agresor\u00ebve t\u00eb Luft\u00ebs s\u00eb Dyt\u00eb Bot\u00ebrore? Po \u00e7far\u00eb agresioni ka kryer Kosova?<\/p>\n<p>\u00c7far\u00eb njeriu \u00ebsht\u00eb ky? Ai b\u00ebn gjith\u00e7ka si skllav i Vu\u00e7i\u00e7it. Mir\u00eb ai q\u00eb nuk ka ndjeshm\u00ebri, se \u00ebsht\u00eb arkitekt i gjenocidit, po ky \u00e7far\u00eb ka? Pse i k\u00ebrkohet Kosov\u00ebs t\u00eb mb\u00ebshtes\u00eb Ballkanin e Hapur, kush nga ju e ka harruar Samitin e Novisadit dhe hart\u00ebn q\u00eb nxori ky, ku nuk p\u00ebrfshihej Kosova?<\/p>\n<p>Qytetar\u00eb shqiptar\u00eb, a do vazhdojm\u00eb t\u00eb pranojm\u00eb nj\u00eb njeri si ky, i cili vet\u00ebm me vjedhjet e tij dhe t\u00eb klik\u00ebs s\u00eb tij, ndikon dhe rrit \u00e7mimet n\u00eb stratosfer\u00eb. A do vazhdojm\u00eb t\u00eb pranojm\u00eb k\u00ebt\u00eb njeri, q\u00eb u mashtron nga m\u00ebngjesi deri n\u00eb dark\u00eb?<\/p>\n<p>A do pranojm\u00eb k\u00ebt\u00eb njeri q\u00eb shkelmon mbi gjakun, vet\u00ebm f\u00ebmij\u00eb t\u00eb masakruar n\u00eb Kosov\u00eb jan\u00eb 1400? A ka f\u00ebmij\u00eb ky njeri? A \u00ebsht\u00eb njeri ky moj zonj\u00eb se ti je avokatja m\u00eb e zjarrt\u00eb? Jan\u00eb 1400 f\u00ebmij\u00eb t\u00eb vrar\u00eb, t\u00eb therur, t\u00eb djegur t\u00eb gjall\u00eb n\u00eb Kosov\u00eb. Ku e ka ky autoritetin q\u00eb t\u2019i krahasoj\u00eb me viktimat e agresor\u00ebve t\u00eb Luft\u00ebs s\u00eb Dyt\u00eb Bot\u00ebrore.<\/p>\n<p>Pse e p\u00ebrdhos parlamentin me q\u00ebllime t\u00eb tilla? Kush t\u00eb lejon ty t\u00eb fal\u00ebsh gjakun e tyre? \u00c7far\u00eb lidhje ke ti me ta? Jan\u00eb 1400 f\u00ebmij\u00eb, shpirtrat e t\u00eb cil\u00ebve k\u00ebrkojn\u00eb drejt\u00ebsi,\u201d tha Berisha.<\/p>","protected":false},"excerpt":{"rendered":"<p>Kryetari i PD, Sali Berisha, u ndal n\u00eb Kuvend edhe te Samiti i Ohrit dhe p\u00ebrqeshja q\u00eb i b\u00ebri kryeministri Edi Rama viktimave t\u00eb luft\u00ebs n\u00eb Kosov\u00eb. \u201cShkon n\u00eb Oh\u00ebr, shkelmon mbi jet\u00ebn, vdekjen, gjakun dhe sakrificat e 12 mij\u00eb shqiptar\u00ebve n\u00eb Kosov\u00eb. Ky \u00ebsht\u00eb padroni i gjakut t\u00eb tyre. Po \u00e7\u2019t\u00eb drejt\u00eb ka ky, [&hellip;]<\/p>\n","protected":false},"author":2020,"featured_media":263659,"comment_status":"closed","ping_status":"closed","sticky":false,"template":"","format":"standard","meta":{"footnotes":""},"categories":[241,5380,231],"tags":[],"class_list":{"0":"post-263658","1":"post","2":"type-post","3":"status-publish","4":"format-standard","5":"has-post-thumbnail","7":"category-aktualitet","8":"category-kryesore","9":"category-lajme"},"_links":{"self":[{"href":"https:\/\/zjarr.tv\/en\/wp-json\/wp\/v2\/posts\/263658","targetHints":{"allow":["GET"]}}],"collection":[{"href":"https:\/\/zjarr.tv\/en\/wp-json\/wp\/v2\/posts"}],"about":[{"href":"https:\/\/zjarr.tv\/en\/wp-json\/wp\/v2\/types\/post"}],"author":[{"embeddable":true,"href":"https:\/\/zjarr.tv\/en\/wp-json\/wp\/v2\/users\/2020"}],"replies":[{"embeddable":true,"href":"https:\/\/zjarr.tv\/en\/wp-json\/wp\/v2\/comments?post=263658"}],"version-history":[{"count":0,"href":"https:\/\/zjarr.tv\/en\/wp-json\/wp\/v2\/posts\/263658\/revisions"}],"wp:featuredmedia":[{"embeddable":true,"href":"https:\/\/zjarr.tv\/en\/wp-json\/wp\/v2\/media\/263659"}],"wp:attachment":[{"href":"https:\/\/zjarr.tv\/en\/wp-json\/wp\/v2\/media?parent=263658"}],"wp:term":[{"taxonomy":"category","embeddable":true,"href":"https:\/\/zjarr.tv\/en\/wp-json\/wp\/v2\/categories?post=263658"},{"taxonomy":"post_tag","embeddable":true,"href":"https:\/\/zjarr.tv\/en\/wp-json\/wp\/v2\/tags?post=263658"}],"curies":[{"name":"wp","href":"https:\/\/api.w.org\/{rel}","templated":true}]}}