{"id":263840,"date":"2022-06-10T14:47:26","date_gmt":"2022-06-10T12:47:26","guid":{"rendered":"https:\/\/zjarr.tv\/?p=263840"},"modified":"2022-06-10T14:47:26","modified_gmt":"2022-06-10T12:47:26","slug":"lajm-i-mire-gjermania-heq-te-gjitha-kufizimet-e-udhetimeve-per-te-gjithe-shqiptaret","status":"publish","type":"post","link":"https:\/\/zjarr.tv\/en\/lajm-i-mire-gjermania-heq-te-gjitha-kufizimet-e-udhetimeve-per-te-gjithe-shqiptaret\/","title":{"rendered":"Lajm i mir\u00eb, Gjermania heq t\u00eb gjitha kufizimet e udh\u00ebtimeve p\u00ebr t\u00eb gjith\u00eb shqiptar\u00ebt"},"content":{"rendered":"<p>Duke nisur prej dit\u00ebs s\u00eb shtun\u00eb, dat\u00eb 11.06.2022, ora 00:00, hiqen kufizimet e udh\u00ebtimeve hyr\u00ebse drejt Gjermanis\u00eb.<\/p>\n<p>Lajmi b\u00ebhet me dije nga Ambasada gjermane n\u00eb Tiran\u00eb.<\/p>\n<p>Tashm\u00eb nuk \u00ebsht\u00eb m\u00eb e nevojshme paraqitja e nj\u00eb d\u00ebshmie vaksinimi, sh\u00ebrimi apo testimi.<\/p>\n<p>Njoftimi:<\/p>\n<p>Prej dit\u00ebs s\u00eb shtun\u00eb, dat\u00eb 11.06.2022, ora 00:00, hiqen p\u00ebrkoh\u00ebsisht t\u00eb gjitha kufizimet e udh\u00ebtimeve hyr\u00ebse drejt Gjermanis\u00eb. Q\u00eb prej k\u00ebtij momenti udh\u00ebtimet hyr\u00ebse nga Shqip\u00ebria drejt Gjermanis\u00eb jan\u00eb s\u00ebrish t\u00eb lejueshme p\u00ebr t\u00eb gjitha q\u00ebllimet (edhe p\u00ebr turiz\u00ebm dhe vizita).<\/p>\n<p>P\u00ebr udh\u00ebtimet hyr\u00ebse drejt Gjermanis\u00eb nuk \u00ebsht\u00eb m\u00eb e nevojshme paraqitja e nj\u00eb d\u00ebshmie vaksinimi, sh\u00ebrimi apo testimi.<\/p>","protected":false},"excerpt":{"rendered":"<p>Duke nisur prej dit\u00ebs s\u00eb shtun\u00eb, dat\u00eb 11.06.2022, ora 00:00, hiqen kufizimet e udh\u00ebtimeve hyr\u00ebse drejt Gjermanis\u00eb. Lajmi b\u00ebhet me dije nga Ambasada gjermane n\u00eb Tiran\u00eb. Tashm\u00eb nuk \u00ebsht\u00eb m\u00eb e nevojshme paraqitja e nj\u00eb d\u00ebshmie vaksinimi, sh\u00ebrimi apo testimi. Njoftimi: Prej dit\u00ebs s\u00eb shtun\u00eb, dat\u00eb 11.06.2022, ora 00:00, hiqen p\u00ebrkoh\u00ebsisht t\u00eb gjitha kufizimet e [&hellip;]<\/p>\n","protected":false},"author":2020,"featured_media":263841,"comment_status":"closed","ping_status":"closed","sticky":false,"template":"","format":"standard","meta":{"footnotes":""},"categories":[241,5380,231],"tags":[],"class_list":{"0":"post-263840","1":"post","2":"type-post","3":"status-publish","4":"format-standard","5":"has-post-thumbnail","7":"category-aktualitet","8":"category-kryesore","9":"category-lajme"},"_links":{"self":[{"href":"https:\/\/zjarr.tv\/en\/wp-json\/wp\/v2\/posts\/263840","targetHints":{"allow":["GET"]}}],"collection":[{"href":"https:\/\/zjarr.tv\/en\/wp-json\/wp\/v2\/posts"}],"about":[{"href":"https:\/\/zjarr.tv\/en\/wp-json\/wp\/v2\/types\/post"}],"author":[{"embeddable":true,"href":"https:\/\/zjarr.tv\/en\/wp-json\/wp\/v2\/users\/2020"}],"replies":[{"embeddable":true,"href":"https:\/\/zjarr.tv\/en\/wp-json\/wp\/v2\/comments?post=263840"}],"version-history":[{"count":0,"href":"https:\/\/zjarr.tv\/en\/wp-json\/wp\/v2\/posts\/263840\/revisions"}],"wp:featuredmedia":[{"embeddable":true,"href":"https:\/\/zjarr.tv\/en\/wp-json\/wp\/v2\/media\/263841"}],"wp:attachment":[{"href":"https:\/\/zjarr.tv\/en\/wp-json\/wp\/v2\/media?parent=263840"}],"wp:term":[{"taxonomy":"category","embeddable":true,"href":"https:\/\/zjarr.tv\/en\/wp-json\/wp\/v2\/categories?post=263840"},{"taxonomy":"post_tag","embeddable":true,"href":"https:\/\/zjarr.tv\/en\/wp-json\/wp\/v2\/tags?post=263840"}],"curies":[{"name":"wp","href":"https:\/\/api.w.org\/{rel}","templated":true}]}}