{"id":263970,"date":"2022-06-11T12:05:05","date_gmt":"2022-06-11T10:05:05","guid":{"rendered":"https:\/\/zjarr.tv\/?p=263970"},"modified":"2022-06-11T12:05:05","modified_gmt":"2022-06-11T10:05:05","slug":"na-ka-mashtruar-deklaratat-e-vucic-per-njohjen-e-kosoves-deputetja-gjermane-te-ngrijne-negociatat-e-serbise-me-be","status":"publish","type":"post","link":"https:\/\/zjarr.tv\/en\/na-ka-mashtruar-deklaratat-e-vucic-per-njohjen-e-kosoves-deputetja-gjermane-te-ngrijne-negociatat-e-serbise-me-be\/","title":{"rendered":"\u201cNa ka mashtruar\u201d\/ Deklaratat e Vu\u00e7i\u00e7 p\u00ebr njohjen e Kosov\u00ebs, deputetja gjermane: T\u00eb ngrijn\u00eb negociatat e Serbis\u00eb me BE"},"content":{"rendered":"<p>Kryetarja e Komisionit p\u00ebr t\u00eb Drejtat e Njeriut dhe Ndihm\u00ebn Humanitare n\u00eb Bundestagun gjerman, deputetja e Partis\u00eb Liberale Gjermane (FDP) Renata Alt, ka reaguar pas deklarat\u00ebs s\u00eb Presidentit serb Aleksandar Vu\u00e7i\u00e7 n\u00eb lidhje me njohjen e Kosov\u00ebs.<\/p>\n<p>Vu\u00e7i\u00e7, n\u00eb konferenc\u00ebn e sotme p\u00ebr shtyp, pas takimit me kancelarin gjerman, Olaf Scholz, deklaroi se sot p\u00ebr her\u00eb t\u00eb par\u00eb ka d\u00ebgjuar se po k\u00ebrkohet njohje reciproke me Kosov\u00ebn, duke th\u00ebn\u00eb se \u201ck\u00ebt\u00eb nuk e kemi d\u00ebgjuar nga Evropa deri m\u00eb tani\u201d.<\/p>\n<p>\u201cNe sot d\u00ebgjuam se po k\u00ebrkohet njohja reciproke. Ne kurr\u00eb m\u00eb her\u00ebt nuk kemi d\u00ebgjuar nga askush nga Evropa se po k\u00ebrkohet njohje reciproke. K\u00ebt\u00eb e d\u00ebgjuam sot n\u00eb konferenc\u00ebn p\u00ebr gazetar\u00eb n\u00eb Prishtin\u00eb\u201d, tha Vu\u00e7i\u00e7.<\/p>\n<p>Deputetja gjermane p\u00ebrmes nj\u00eb postimi n\u00eb Twitter, thot\u00eb se \u201cReagimi i Presidentit t\u00eb Serbis\u00eb gjat\u00eb konferenc\u00ebs p\u00ebr media mbi k\u00ebrkes\u00ebn p\u00ebr njohje t\u00eb Kosov\u00ebs \u00ebsht\u00eb skandaloz\u201d. Negociatat e an\u00ebtar\u00ebsimit n\u00eb Bashkimin Evropian me Republik\u00ebn e Serbis\u00eb duhet t\u00eb ngrijn\u00eb. Aleksandar Vu\u00e7i\u00e7 na paska mashtruar p\u00ebr nj\u00eb koh\u00eb t\u00eb gjat\u00eb\u201d, ka shkruar Alt.<\/p>\n<p>Kancelari gjerman, Olaf Scholz sot n\u00eb konferenc\u00ebn p\u00ebr media pas takimit me kryeministrin Albin Kurti tha se Kosova dhe Serbia duhet t\u00eb angazhohen n\u00eb dialog, duke k\u00ebrkuar k\u00ebshtu nga t\u00eb dyja pal\u00ebt zotim t\u00eb qart\u00eb, konstruktivitet dhe pragmatiz\u00ebm.<\/p>\n<p>Scholz theksoi se dialogu \u00ebsht\u00eb shum\u00eb i r\u00ebnd\u00ebsish\u00ebm dhe se marr\u00ebveshja politike nd\u00ebrmjet Kosov\u00ebs dhe Serbis\u00eb duhet t\u00eb zgjidh edhe \u00e7\u00ebshtjen e njohjes s\u00eb Kosov\u00ebs.<\/p>\n<p>\u201cKosova dhe Serbia p\u00ebrmes nj\u00eb marr\u00ebveshjes gjith\u00ebp\u00ebrfshir\u00ebse t\u00eb gjejn\u00eb nj\u00eb zgjidhje politike. Dialogu \u00ebsht\u00eb rruga q\u00eb i hap Kosov\u00ebs perspektiv\u00ebn evropiane\u2026 E qart\u00eb \u00ebsht\u00eb q\u00eb marr\u00ebveshja duhet t\u00eb zgjidh \u00e7\u00ebshtjen e njohjes s\u00eb Kosov\u00ebs\u201d, tha ai. Kancelari gjerman tha m\u00eb tej se \u00ebsht\u00eb e paimagjinueshme q\u00eb dy vende t\u00eb b\u00ebhen an\u00ebtare t\u00eb BE-s\u00eb e nuk e njohin nj\u00ebra-tjetr\u00ebn.<\/p>","protected":false},"excerpt":{"rendered":"<p>Kryetarja e Komisionit p\u00ebr t\u00eb Drejtat e Njeriut dhe Ndihm\u00ebn Humanitare n\u00eb Bundestagun gjerman, deputetja e Partis\u00eb Liberale Gjermane (FDP) Renata Alt, ka reaguar pas deklarat\u00ebs s\u00eb Presidentit serb Aleksandar Vu\u00e7i\u00e7 n\u00eb lidhje me njohjen e Kosov\u00ebs. Vu\u00e7i\u00e7, n\u00eb konferenc\u00ebn e sotme p\u00ebr shtyp, pas takimit me kancelarin gjerman, Olaf Scholz, deklaroi se sot p\u00ebr [&hellip;]<\/p>\n","protected":false},"author":2020,"featured_media":263971,"comment_status":"closed","ping_status":"closed","sticky":false,"template":"","format":"standard","meta":{"footnotes":""},"categories":[241,5380,231],"tags":[],"class_list":{"0":"post-263970","1":"post","2":"type-post","3":"status-publish","4":"format-standard","5":"has-post-thumbnail","7":"category-aktualitet","8":"category-kryesore","9":"category-lajme"},"_links":{"self":[{"href":"https:\/\/zjarr.tv\/en\/wp-json\/wp\/v2\/posts\/263970","targetHints":{"allow":["GET"]}}],"collection":[{"href":"https:\/\/zjarr.tv\/en\/wp-json\/wp\/v2\/posts"}],"about":[{"href":"https:\/\/zjarr.tv\/en\/wp-json\/wp\/v2\/types\/post"}],"author":[{"embeddable":true,"href":"https:\/\/zjarr.tv\/en\/wp-json\/wp\/v2\/users\/2020"}],"replies":[{"embeddable":true,"href":"https:\/\/zjarr.tv\/en\/wp-json\/wp\/v2\/comments?post=263970"}],"version-history":[{"count":0,"href":"https:\/\/zjarr.tv\/en\/wp-json\/wp\/v2\/posts\/263970\/revisions"}],"wp:featuredmedia":[{"embeddable":true,"href":"https:\/\/zjarr.tv\/en\/wp-json\/wp\/v2\/media\/263971"}],"wp:attachment":[{"href":"https:\/\/zjarr.tv\/en\/wp-json\/wp\/v2\/media?parent=263970"}],"wp:term":[{"taxonomy":"category","embeddable":true,"href":"https:\/\/zjarr.tv\/en\/wp-json\/wp\/v2\/categories?post=263970"},{"taxonomy":"post_tag","embeddable":true,"href":"https:\/\/zjarr.tv\/en\/wp-json\/wp\/v2\/tags?post=263970"}],"curies":[{"name":"wp","href":"https:\/\/api.w.org\/{rel}","templated":true}]}}