{"id":264141,"date":"2022-06-12T13:22:12","date_gmt":"2022-06-12T11:22:12","guid":{"rendered":"https:\/\/zjarr.tv\/?p=264141"},"modified":"2022-06-12T13:22:12","modified_gmt":"2022-06-12T11:22:12","slug":"31-vjetori-i-ps-spiropali-kemi-shkruar-kapitull-njerezor-partia-jone-eshte-refleks-i-shoqerise","status":"publish","type":"post","link":"https:\/\/zjarr.tv\/en\/31-vjetori-i-ps-spiropali-kemi-shkruar-kapitull-njerezor-partia-jone-eshte-refleks-i-shoqerise\/","title":{"rendered":"31-vjetori i PS, Spiropali: Kemi shkruar kapitull njer\u00ebzor, partia jon\u00eb \u00ebsht\u00eb refleks i shoq\u00ebris\u00eb"},"content":{"rendered":"<p>Ministrja e Shtetit p\u00ebr Marr\u00ebdh\u00ebniet me Parlamentin, Elisa Spiropali ka uruar Partin\u00eb Socialiste, me rastin e 31-vjetorit t\u00eb krijimit.<\/p>\n<p>N\u00eb nj\u00eb mesazh t\u00eb gjat\u00eb n\u00eb \u201cFacebook\u201d, Spiropali shprehet se \u201cPartia Socialiste \u00ebsht\u00eb bashkimi i themelues\u00ebve t\u00eb djesh\u00ebm, i opozitar\u00ebve krenar\u00eb q\u00eb i dhan\u00eb vendit alternativ\u00ebn e t\u00eb majt\u00ebs moderne, e shtetformuesve t\u00eb mandat\u00ebve t\u00eb para dhe pun\u00ebtor\u00ebve modest\u00eb t\u00eb t\u00eb sotmes\u201d.<\/p>\n<p>Mesazhi i Spiropalit:<\/p>\n<p>G\u00ebzuar socialist\u00eb t\u00eb Tiran\u00ebs dhe Shkodr\u00ebs, t\u00eb Kor\u00e7\u00ebs dhe Kuk\u00ebsit, t\u00eb Durr\u00ebsit, Elbasanit, Vlor\u00ebs, Tropoj\u00ebs e gjith\u00eb Shqip\u00ebris\u00eb; g\u00ebzuar t\u00eb gjith\u00eb socialist\u00ebve kudo q\u00eb t\u00eb gjenden k\u00ebt\u00eb p\u00ebrvjetor t\u00eb krijimit t\u00eb partis\u00eb s\u00eb tyre q\u00eb sot mbush 31 vje\u00e7.<\/p>\n<p>31 vjet jan\u00eb vet\u00ebm nj\u00eb hapjembyllje sysh n\u00eb jet\u00ebn e nj\u00eb kombi, por jan\u00eb shum\u00eb p\u00ebr nj\u00eb jet\u00eb njer\u00ebzore. Dhe n\u00eb k\u00ebto 31 vjet, ne, socialist\u00ebt shqiptar\u00eb kemi shkruar nj\u00eb kapitull njer\u00ebzor n\u00eb historin\u00eb e kombit ton\u00eb. Ne b\u00ebm\u00eb po b\u00ebjm\u00eb pun\u00ebn e disa brezave nj\u00ebher\u00ebsh p\u00ebr t\u2019i trash\u00ebguar brezit t\u00eb f\u00ebmij\u00ebve tan\u00eb Shqip\u00ebrin\u00eb evropiane, Shqip\u00ebrin\u00eb krenare p\u00ebr \u00e7far\u00eb \u00ebsht\u00eb dhe \u00e7far\u00eb do t\u00eb jet\u00eb!<\/p>\n<p>Ne besuam aty ku shum\u00ebkush dyshonte, ne q\u00ebndruam kur shum\u00eb vendos\u00ebn t\u00eb ikin, ne nd\u00ebrtuam aty ku t\u00eb tjer\u00ebt merrnin kazmat e shkat\u00ebrrimit, ne kuruam me dhembshuri at\u00eb q\u00eb t\u00eb tjer\u00ebt e s\u00ebmur\u00ebn, ne shihnim dhe shohim nga e ardhmja, aty ku t\u00eb tjer\u00ebt projektonin dhe projektojn\u00eb t\u00eb shkuar\u00ebn.<\/p>\n<p>Partia Socialiste \u00ebsht\u00eb bashkimi i themelues\u00ebve t\u00eb djesh\u00ebm, i opozitar\u00ebve krenar\u00eb q\u00eb i dhan\u00eb vendit alternativ\u00ebn e t\u00eb majt\u00ebs moderne, e shtetformuesve t\u00eb mandat\u00ebve t\u00eb para dhe pun\u00ebtor\u00ebve modest\u00eb t\u00eb t\u00eb sotmes.<\/p>\n<p>Partia jon\u00eb \u00ebsht\u00eb refleks i shoq\u00ebris\u00eb shqiptare, me t\u00eb mirat dhe defektet e saj. Ajo nuk \u00ebsht\u00eb nj\u00eb ishull q\u00eb nuk e prek e liga, por nj\u00eb organiz\u00ebm i gjall\u00eb q\u00eb reflekton nga gabimet dhe projekton sukses p\u00ebr t\u00eb gjith\u00eb shoq\u00ebrin\u00eb shqiptare.<\/p>\n<p>PS, e djeshme dhe e sotme \u00ebsht\u00eb puna p\u00ebr Shqip\u00ebrin\u00eb e besimit, respektit dhe mund\u00ebsis\u00eb p\u00ebr \u00e7do shqiptar.<\/p>\n<p>Mandati i tret\u00eb qeveris\u00ebs \u00ebsht\u00eb premtimi yn\u00eb p\u00ebr t\u00eb nd\u00ebrtuar Shqip\u00ebrin\u00eb e dal\u00eb nga tuneli i err\u00ebt i tranzicionit dhe bashkimin e saj me familjen e madhe evropiane, \u00e7ka do ta b\u00ebj\u00eb Shqip\u00ebrin\u00eb m\u00eb t\u00eb fort\u00eb, m\u00eb t\u00eb sigurt, m\u00eb t\u00eb begat\u00eb, do ta b\u00ebj\u00eb atdheun sht\u00ebpin\u00eb e premtuar t\u00eb t\u00eb gjith\u00eb shqiptar\u00ebve.<\/p>\n<p>G\u00ebzuar Partia Socialiste! Qofsh p\u00ebrher\u00eb e re!<\/p>","protected":false},"excerpt":{"rendered":"<p>Ministrja e Shtetit p\u00ebr Marr\u00ebdh\u00ebniet me Parlamentin, Elisa Spiropali ka uruar Partin\u00eb Socialiste, me rastin e 31-vjetorit t\u00eb krijimit. N\u00eb nj\u00eb mesazh t\u00eb gjat\u00eb n\u00eb \u201cFacebook\u201d, Spiropali shprehet se \u201cPartia Socialiste \u00ebsht\u00eb bashkimi i themelues\u00ebve t\u00eb djesh\u00ebm, i opozitar\u00ebve krenar\u00eb q\u00eb i dhan\u00eb vendit alternativ\u00ebn e t\u00eb majt\u00ebs moderne, e shtetformuesve t\u00eb mandat\u00ebve t\u00eb para [&hellip;]<\/p>\n","protected":false},"author":2020,"featured_media":176516,"comment_status":"closed","ping_status":"closed","sticky":false,"template":"","format":"standard","meta":{"footnotes":""},"categories":[241,5380,231],"tags":[],"class_list":{"0":"post-264141","1":"post","2":"type-post","3":"status-publish","4":"format-standard","5":"has-post-thumbnail","7":"category-aktualitet","8":"category-kryesore","9":"category-lajme"},"_links":{"self":[{"href":"https:\/\/zjarr.tv\/en\/wp-json\/wp\/v2\/posts\/264141","targetHints":{"allow":["GET"]}}],"collection":[{"href":"https:\/\/zjarr.tv\/en\/wp-json\/wp\/v2\/posts"}],"about":[{"href":"https:\/\/zjarr.tv\/en\/wp-json\/wp\/v2\/types\/post"}],"author":[{"embeddable":true,"href":"https:\/\/zjarr.tv\/en\/wp-json\/wp\/v2\/users\/2020"}],"replies":[{"embeddable":true,"href":"https:\/\/zjarr.tv\/en\/wp-json\/wp\/v2\/comments?post=264141"}],"version-history":[{"count":0,"href":"https:\/\/zjarr.tv\/en\/wp-json\/wp\/v2\/posts\/264141\/revisions"}],"wp:featuredmedia":[{"embeddable":true,"href":"https:\/\/zjarr.tv\/en\/wp-json\/wp\/v2\/media\/176516"}],"wp:attachment":[{"href":"https:\/\/zjarr.tv\/en\/wp-json\/wp\/v2\/media?parent=264141"}],"wp:term":[{"taxonomy":"category","embeddable":true,"href":"https:\/\/zjarr.tv\/en\/wp-json\/wp\/v2\/categories?post=264141"},{"taxonomy":"post_tag","embeddable":true,"href":"https:\/\/zjarr.tv\/en\/wp-json\/wp\/v2\/tags?post=264141"}],"curies":[{"name":"wp","href":"https:\/\/api.w.org\/{rel}","templated":true}]}}